{"id":22005,"date":"2016-12-28T00:05:14","date_gmt":"2016-12-28T02:05:14","guid":{"rendered":"http:\/\/www.sincomam.org.br\/?p=22005"},"modified":"2016-12-22T19:08:06","modified_gmt":"2016-12-22T21:08:06","slug":"verao-deste-ano-sera-menos-quente-do-que-no-ano-passado","status":"publish","type":"post","link":"https:\/\/www.sincomam.org.br\/index.php\/verao-deste-ano-sera-menos-quente-do-que-no-ano-passado\/","title":{"rendered":"Ver\u00e3o deste ano ser\u00e1 menos quente do que no ano passado"},"content":{"rendered":"<p>O ver\u00e3o come\u00e7ou no Hemisf\u00e9rio Sul e termina no dia 20 de mar\u00e7o de 2017. A previs\u00e3o \u00e9 de que as temperaturas permane\u00e7am mais\u00a0amenas do que as registradas no ver\u00e3o passado, quando o fen\u00f4meno El Ni\u00f1o provocou um aumento nas temperaturas e nas chuvas em algumas regi\u00f5es.<\/p>\n<p>\u201cNo ano passado, tivemos um dos fen\u00f4menos El Ni\u00f1o mais fortes da hist\u00f3ria. Ent\u00e3o, se formos comparar o ano passado e este ano, provavelmente este ano o ver\u00e3o n\u00e3o vai ser t\u00e3o quente como no ano passado, porque o El Ni\u00f1o tem como caracter\u00edstica aumentar a temperatura no Brasil\u201d, explica a climatologista do Centro de Previs\u00e3o de Tempo e Estudos Clim\u00e1ticos (CPTEC), Renata Tedeschi.<\/p>\n<p>Segundo ela, nas regi\u00f5es Centro-Oeste, Sudeste e Sul, a temperatura deve ficar dentro da m\u00e9dia hist\u00f3rica. Nas regi\u00f5es Norte e Nordeste, as temperaturas devem ficar dentro da m\u00e9dia acima desse valor.<\/p>\n<h3>Chuvas<\/h3>\n<p>O ver\u00e3o deste ano deve ser de chuvas abaixo da m\u00e9dia hist\u00f3rica na Regi\u00e3o Nordeste, principalmente no semi-\u00e1rido nordestino, segundo a climatologista. Isso por causa do aquecimento das \u00e1guas do Atl\u00e2ntico Tropical Norte, que afetam a precipita\u00e7\u00e3o do Nordeste, ocasionando menos chuvas na regi\u00e3o.<\/p>\n<p>\u201cSe o Atl\u00e2ntico Tropical Norte continuar aquecido, o pr\u00f3ximo trimestre provavelmente vai ser caracterizado por chuvas abaixo da m\u00e9dia hist\u00f3rica na Regi\u00e3o Nordeste\u201d, diz Tedeschi.<\/p>\n<p>Na Regi\u00e3o Norte, a previs\u00e3o \u00e9 de que a precipita\u00e7\u00e3o seja dentro da m\u00e9dia hist\u00f3rica, com leve tend\u00eancia a ter uma estiagem. Para a Regi\u00e3o Sul, a previs\u00e3o \u00e9 de que a chuva seja de normal a levemente acima do normal. \u201cEm grande parte, a chuva ficar\u00e1 dentro da m\u00e9dia hist\u00f3rica\u201d, avalia.<\/p>\n<p>Para as regi\u00f5es Centro-Oeste e Sudeste, o CPTEC ainda n\u00e3o tem uma previs\u00e3o sobre as precipita\u00e7\u00f5es no ver\u00e3o. \u201cPor\u00e9m, janeiro fevereiro e mar\u00e7o fazem parte da esta\u00e7\u00e3o chuvosa nessas duas regi\u00f5es. Consequentemente, espera-se chuva, mas n\u00e3o sabemos prever se ela estar\u00e1 acima ou abaixo da m\u00e9dia hist\u00f3rica\u201d, diz Tedeschi.<\/p>\n<p>O dia do in\u00edcio da esta\u00e7\u00e3o \u00e9 chamado de solst\u00edcio de ver\u00e3o, que \u00e9 quando o m\u00e1ximo de radia\u00e7\u00e3o solar chega \u00e0 regi\u00e3o e ocorre o dia mais longo do ano.<\/p>\n<p>A data \u00e9 conhecida como solst\u00edcio de ver\u00e3o para quem est\u00e1 abaixo da Linha do Equador e solst\u00edcio de inverno para quem vive no Hemisf\u00e9rio Norte, quando a partir deste dia ser\u00e1 inverno.<\/p>\n<p>Fonte: Exame<\/p>\n","protected":false},"excerpt":{"rendered":"<p>O ver\u00e3o come\u00e7ou no Hemisf\u00e9rio Sul e termina no dia 20 de mar\u00e7o de 2017. A previs\u00e3o \u00e9 de que as temperaturas permane\u00e7am mais\u00a0amenas do&#8230;<\/p>\n","protected":false},"author":1182,"featured_media":18586,"comment_status":"closed","ping_status":"closed","sticky":false,"template":"","format":"standard","meta":{"footnotes":""},"categories":[6],"tags":[],"class_list":["post-22005","post","type-post","status-publish","format-standard","has-post-thumbnail","hentry","category-noticias"],"_links":{"self":[{"href":"https:\/\/www.sincomam.org.br\/index.php\/wp-json\/wp\/v2\/posts\/22005","targetHints":{"allow":["GET"]}}],"collection":[{"href":"https:\/\/www.sincomam.org.br\/index.php\/wp-json\/wp\/v2\/posts"}],"about":[{"href":"https:\/\/www.sincomam.org.br\/index.php\/wp-json\/wp\/v2\/types\/post"}],"author":[{"embeddable":true,"href":"https:\/\/www.sincomam.org.br\/index.php\/wp-json\/wp\/v2\/users\/1182"}],"replies":[{"embeddable":true,"href":"https:\/\/www.sincomam.org.br\/index.php\/wp-json\/wp\/v2\/comments?post=22005"}],"version-history":[{"count":1,"href":"https:\/\/www.sincomam.org.br\/index.php\/wp-json\/wp\/v2\/posts\/22005\/revisions"}],"predecessor-version":[{"id":22006,"href":"https:\/\/www.sincomam.org.br\/index.php\/wp-json\/wp\/v2\/posts\/22005\/revisions\/22006"}],"wp:featuredmedia":[{"embeddable":true,"href":"https:\/\/www.sincomam.org.br\/index.php\/wp-json\/wp\/v2\/media\/18586"}],"wp:attachment":[{"href":"https:\/\/www.sincomam.org.br\/index.php\/wp-json\/wp\/v2\/media?parent=22005"}],"wp:term":[{"taxonomy":"category","embeddable":true,"href":"https:\/\/www.sincomam.org.br\/index.php\/wp-json\/wp\/v2\/categories?post=22005"},{"taxonomy":"post_tag","embeddable":true,"href":"https:\/\/www.sincomam.org.br\/index.php\/wp-json\/wp\/v2\/tags?post=22005"}],"curies":[{"name":"wp","href":"https:\/\/api.w.org\/{rel}","templated":true}]}}