{"id":22000,"date":"2016-12-28T00:10:06","date_gmt":"2016-12-28T02:10:06","guid":{"rendered":"http:\/\/www.sincomam.org.br\/?p=22000"},"modified":"2016-12-22T19:04:47","modified_gmt":"2016-12-22T21:04:47","slug":"temer-reafirma-que-nao-vai-renunciar-ao-cargo","status":"publish","type":"post","link":"https:\/\/www.sincomam.org.br\/index.php\/temer-reafirma-que-nao-vai-renunciar-ao-cargo\/","title":{"rendered":"Temer reafirma que n\u00e3o vai renunciar ao cargo"},"content":{"rendered":"<p>O presidente Michel Temer reafirmou no Pal\u00e1cio da Alvorada, que n\u00e3o est\u00e1 em seus planos renunciar por conta de dela\u00e7\u00f5es premiadas da Lava- Jato ou por conta da crise politica. Ele afirmou, no entanto, que se a chapa Dilma-Temer for cassada pelo Tribunal Superior Eleitoral\u00a0(TSE) cabe a ele seguir a decis\u00e3o da Justi\u00e7a.<\/p>\n<p>\u2014 Se a chapa for cassada respeito a decis\u00e3o do Judici\u00e1rio. Claro que antes disso haver\u00e1 recursos e mais recurso.<\/p>\n<div class=\"teads-inread\">\n<div>\n<div class=\"teads-ui-components-label\">Sobre uma poss\u00edvel ren\u00fancia, disse apenas:<\/div>\n<\/div>\n<\/div>\n<p>\u2014 Confesso n\u00e3o pensar nisso.<\/p>\n<p><strong>CR\u00cdTICAS A ACUSA\u00c7\u00d5ES POR DELA\u00c7\u00d5ES<\/strong><\/p>\n<p>O presidente disse que n\u00e3o tem &#8220;nada&#8221; contra a Opera\u00e7\u00e3o Lava-Jato. A primeira colabora\u00e7\u00e3o premiada da Odebrecht\u00a0a ser divulgada \u2014 s\u00e3o 77 ao todo \u2014 envolveu diretamente o n\u00facleo do governo, incluindo o presidente. Temer criticou que pol\u00edticos citados por delatores sejam &#8220;definitivamente condenados&#8221; antes de investiga\u00e7\u00f5es, o que gera um clima de instabilidade, reclamou.<\/p>\n<p>\u2014 H\u00e1 o fato de que todos que tenham os nomes mencionados viram definitivamente condenados. O delator \u00e9 algu\u00e9m que falou de outrem, mas isso a\u00ed ainda vira um inqu\u00e9rito \u2014 afirmou Temer, que completou:<\/p>\n<p>\u2014 Soltam uma dela\u00e7\u00e3o por semana e cria um clima de instabilidade. Quem for mencionado vai se defender. O que n\u00e3o \u00e9 poss\u00edvel \u00e9 levar 70, 80 semanas para as dela\u00e7\u00f5es virem \u00e0 luz.<\/p>\n<p>Michel Temer se defendeu dizendo que, no caso da dela\u00e7\u00e3o do ex-diretor da Odebrecht Cl\u00e1udio Melo Filho, o dinheiro arrecadado pelo PMDB &#8220;entrou e saiu do partido&#8221; legalmente.<\/p>\n<p>E sobre a cita\u00e7\u00e3o do ministro Eliseu Padilha\u00a0(Casa Civil) por ter intermediado e recebido R$ 1 milh\u00e3o, Temer disse que n\u00e3o o demitir\u00e1.<\/p>\n<p>\u2014 N\u00e3o tirarei o chefe da Casa Civil n\u00e3o. Ele continua firme o forte.<\/p>\n<div id=\"pub-retangulo-2\" class=\"arroba publicidade clearfix\" data-google-query-id=\"CNCT-aDYiNECFVcNhgodn3wI_w\">\n<p>&nbsp;<\/p>\n<div id=\"google_ads_iframe_\/95377733\/info.web.oglobo\/brasil\/materia_3__container__\"><strong>&#8216;NUNCA CA\u00cd DE PINGUELAS&#8217;<\/strong><\/div>\n<\/div>\n<p>Temer alfinetou o ex-presidente Fernando Henrique Cardoso por ter chamado o governo de pinguela, em refer\u00eancia ao documento &#8220;Ponte para o futuro&#8221;. A pe\u00e7a foi elaborada pelo PMDB no fim do ano passado, com o aumento da possibilidade do impeachment da ex-presidente Dilma Rousseff. O presidente disse que a declara\u00e7\u00e3o de FH foi &#8220;delicada&#8221; e baseada em &#8220;muitas amarguras e paix\u00f5es&#8221;.<\/p>\n<p>Ao comentar o termo usado por FH, o peemedebista fez refer\u00eancia \u00e0 inf\u00e2ncia no interior de S\u00e3o Paulo, tempo em que &#8220;nunca caiu&#8221; de pinguelas e conseguia atravessar riachos com amigos.<\/p>\n<p>\u2014 Quando ouvi essa express\u00e3o &#8220;pinguela&#8221;, essa express\u00e3o delicada, pinguela, em que h\u00e1 muitas amarguras e paix\u00f5es por tr\u00e1s, a primeira coisa que lembrei foi da minha inf\u00e2ncia \u2014 declarou, descontra\u00eddo.\u2014 Quando eu era menino tinha um riacho perto da minha casa onde brinc\u00e1vamos atravessando uma pinguela. Sabia que nunca ca\u00ed?<\/p>\n<p>\u2014 Se \u00e9 ponte ou pinguela, n\u00e3o importa. O que importa \u00e9 atravessar \u2014 emendou.<\/p>\n<p><strong>RELA\u00c7\u00c3O COM PSDB E PSB<\/strong><\/p>\n<p>Temer disse que o desconforto de aliados com seu governo n\u00e3o o incomoda. Para ele, s\u00e3o quest\u00f5es pontuais e que n\u00e3o representam o pensamento do conjunto dos partidos que o apoia. Ele citou o PSB e o PSDB, onde as diverg\u00eancias internas s\u00e3o mais latentes.<\/p>\n<p>\u2014 Vejo como quest\u00f5es naturais e pontuais. Do PSB nunca chegou a mim alguma manifesta\u00e7\u00e3o de que queira sair do governo. Nas vota\u00e7\u00f5es, o PSB sempre me deu um n\u00famero significativo de votos \u2014 comentou.<\/p>\n<p>Sobre os tucanos, avalia que h\u00e1 um acordo &#8220;extraordin\u00e1rio&#8221; e que t\u00eam ajudado em sua gest\u00e3o. Temer minimizou\u00a0<\/p>\n<p>\u2014 Tenho um reiterado apoio. Isso (cr\u00edtica) \u00e9 assim mesmo, fiquei 24 anos no Parlamento. Uma palavra aqui, outra palavra acol\u00e1, mas s\u00e3o epis\u00f3dicas \u2014 disse.<\/p>\n<p><strong>BAIXA POPULARIDADE<\/strong><\/p>\n<p>Ao comentar a sua baixa popularidade, o presidente disse que seria mais confort\u00e1vel deixar decis\u00f5es \u201cpol\u00eamicas\u201d para o pr\u00f3ximo governo. Assim, com a atual popularidade, ele pode tomar medidas duras.<\/p>\n<p>Apesar de dizer que n\u00e3o queria comentar o &#8220;passado&#8221;, Temer atacou a &#8220;recess\u00e3o profunda&#8221; e a &#8220;situa\u00e7\u00e3o dific\u00edlima&#8221; que herdou da ex-presidente Dilma Rousseff, ex-companheira de chapa presidencial por mais de cinco anos. O ministro da Fazenda, Henrique Meirelles, e do Planejamento, Dyogo Oliveira, foram mais incisivos nas cr\u00edticas a pol\u00edticas econ\u00f4micas &#8220;artificialistas&#8221; da \u00faltima d\u00e9cada \u2014 per\u00edodo em que Lula e Dilma presidiram o Brasil.<\/p>\n<p>\u2014 Jamais afirmei que t\u00e3o logo eu assumisse o c\u00e9u ficaria azul \u2014 minimizou Temer, sobre a retomada econ\u00f4mica mais moderada do que o propagada pelo governo interino em maio.<\/p>\n<p><strong>CASO GEDDEL<\/strong><\/p>\n<p>Pela primeira vez, Michel Temer falou publicamente sobre como foi a semana antes da demiss\u00e3o do ex-ministro da Secretaria de Governo e antigo companheiro de Pal\u00e1cio do Planalto, Geddel Vieira Lima:<\/p>\n<p>\u2014 Foi uma coisa angustiante. Naqueles cinco ou seis dias, houve momentos muito agitados \u2014 declarou o presidente, repetindo que n\u00e3o tem problemas em recuar de decis\u00f5es.<\/p>\n<p>Temer n\u00e3o entrou em detalhes quando foi perguntado sobre os erros que cometeu desde que assumiu a Presid\u00eancia da Rep\u00fablica.<\/p>\n<p>Para referir-se ao ex-ministro da Cultura Marcelo Calero \u2014 que acusou Geddel de pression\u00e1-lo a liberar uma licen\u00e7a para um pr\u00e9dio no qual Geddel tem apartamento, em \u00e1rea tombada de Salvador, e iniciou uma crise no governo \u2014, Michel Temer chamou-o de &#8220;mo\u00e7o&#8221; e &#8220;menino&#8221;. O presidente tamb\u00e9m criticou ter sido gravado por Calero.<\/p>\n<p>Fonte: Jornal O Globo<\/p>\n","protected":false},"excerpt":{"rendered":"<p>O presidente Michel Temer reafirmou no Pal\u00e1cio da Alvorada, que n\u00e3o est\u00e1 em seus planos renunciar por conta de dela\u00e7\u00f5es premiadas da Lava- Jato ou&#8230;<\/p>\n","protected":false},"author":1182,"featured_media":19480,"comment_status":"closed","ping_status":"closed","sticky":false,"template":"","format":"standard","meta":{"footnotes":""},"categories":[6],"tags":[],"class_list":["post-22000","post","type-post","status-publish","format-standard","has-post-thumbnail","hentry","category-noticias"],"_links":{"self":[{"href":"https:\/\/www.sincomam.org.br\/index.php\/wp-json\/wp\/v2\/posts\/22000","targetHints":{"allow":["GET"]}}],"collection":[{"href":"https:\/\/www.sincomam.org.br\/index.php\/wp-json\/wp\/v2\/posts"}],"about":[{"href":"https:\/\/www.sincomam.org.br\/index.php\/wp-json\/wp\/v2\/types\/post"}],"author":[{"embeddable":true,"href":"https:\/\/www.sincomam.org.br\/index.php\/wp-json\/wp\/v2\/users\/1182"}],"replies":[{"embeddable":true,"href":"https:\/\/www.sincomam.org.br\/index.php\/wp-json\/wp\/v2\/comments?post=22000"}],"version-history":[{"count":2,"href":"https:\/\/www.sincomam.org.br\/index.php\/wp-json\/wp\/v2\/posts\/22000\/revisions"}],"predecessor-version":[{"id":22004,"href":"https:\/\/www.sincomam.org.br\/index.php\/wp-json\/wp\/v2\/posts\/22000\/revisions\/22004"}],"wp:featuredmedia":[{"embeddable":true,"href":"https:\/\/www.sincomam.org.br\/index.php\/wp-json\/wp\/v2\/media\/19480"}],"wp:attachment":[{"href":"https:\/\/www.sincomam.org.br\/index.php\/wp-json\/wp\/v2\/media?parent=22000"}],"wp:term":[{"taxonomy":"category","embeddable":true,"href":"https:\/\/www.sincomam.org.br\/index.php\/wp-json\/wp\/v2\/categories?post=22000"},{"taxonomy":"post_tag","embeddable":true,"href":"https:\/\/www.sincomam.org.br\/index.php\/wp-json\/wp\/v2\/tags?post=22000"}],"curies":[{"name":"wp","href":"https:\/\/api.w.org\/{rel}","templated":true}]}}