{"id":21973,"date":"2017-01-02T00:35:13","date_gmt":"2017-01-02T02:35:13","guid":{"rendered":"http:\/\/www.sincomam.org.br\/?p=21973"},"modified":"2016-12-26T12:37:36","modified_gmt":"2016-12-26T14:37:36","slug":"petrobras-vende-participacao-em-areas-do-pre-sal-por-us-22-bilhoes","status":"publish","type":"post","link":"https:\/\/www.sincomam.org.br\/index.php\/petrobras-vende-participacao-em-areas-do-pre-sal-por-us-22-bilhoes\/","title":{"rendered":"Petrobras vende participa\u00e7\u00e3o em \u00e1reas do pr\u00e9-sal por US$ 2,2 bilh\u00f5es"},"content":{"rendered":"<p>A Petrobras deu mais um passo para ampliar sua parceria com a francesa Total. A estatal anunciou nesta quarta-feira acordo de US$ 2,2 bilh\u00f5es, que inclui venda de ativos, no pr\u00e9-sal e t\u00e9rmicas, e estudos de \u00e1reas que podem gerar novas sociedades no futuro. A Petrobras ainda voltou ao investimento, adquirindo participa\u00e7\u00e3o de campo da Total no Golfo do M\u00e9xico.<\/p>\n<p>Por meio de fato relevante, a companhia informa que o valor inclui entrada de caixa \u00e0 vista, pagamentos contingentes e investimentos no desenvolvimento da produ\u00e7\u00e3o de ativos comuns \u00e0s duas empresas.<\/p>\n<p>O acordo envolve a cess\u00e3o de 22,5% dos direitos na \u00e1rea de concess\u00e3o de Iara, que inclui os campos de Sururu, Berbig\u00e3o e Oeste de Atapu. A Petrobras continuar\u00e1 como operadora e tamb\u00e9m deter\u00e1 a maior participa\u00e7\u00e3o na \u00e1rea, de 42,5%.<\/p>\n<p>A parceria envolve tamb\u00e9m a cess\u00e3o de direitos de 35% do campo de Lapa, com a transfer\u00eancia da opera\u00e7\u00e3o para a Total. A Petrobras ficar\u00e1 com 10% de participa\u00e7\u00e3o nesta concess\u00e3o. H\u00e1 ainda a op\u00e7\u00e3o da Petrobras de assumir 20% de participa\u00e7\u00e3o no bloco 2 da \u00e1rea de Perdido Foldbelt, no setor mexicano do Golfo do M\u00e9xico.<\/p>\n<p>Outro ponto que faz parte do acordo \u00e9 o compartilhamento do uso do terminal de regaseifica\u00e7\u00e3o da Bahia, que tem capacidade de 14 milh\u00f5es de m3\/dia. A parceria envolve tamb\u00e9m as t\u00e9rmicas R\u00f4mulo de Almeida e Celso Furtado, no mesmo Estado, com capacidade de gera\u00e7\u00e3o de 322 MW de energia. Elas ter\u00e3o 50% de participa\u00e7\u00e3o da Total.<\/p>\n<p>O acordo envolve estudos conjuntos nas \u00e1reas explorat\u00f3rias da Margem Equatorial e na \u00e1rea sul da Bacia de Santos. Est\u00e1 prevista ainda uma parceria tecnol\u00f3gica nas \u00e1reas de processamento geol\u00f3gico e sistemas de produ\u00e7\u00e3o submarinos.<\/p>\n<p>Fonte: Di\u00e1rio Catarinense<\/p>\n<div><\/div>\n<div class=\"jwDisqusForm\"><\/div>\n","protected":false},"excerpt":{"rendered":"<p>A Petrobras deu mais um passo para ampliar sua parceria com a francesa Total. A estatal anunciou nesta quarta-feira acordo de US$ 2,2 bilh\u00f5es, que&#8230;<\/p>\n","protected":false},"author":1182,"featured_media":17800,"comment_status":"closed","ping_status":"closed","sticky":false,"template":"","format":"standard","meta":{"footnotes":""},"categories":[6],"tags":[],"class_list":["post-21973","post","type-post","status-publish","format-standard","has-post-thumbnail","hentry","category-noticias"],"_links":{"self":[{"href":"https:\/\/www.sincomam.org.br\/index.php\/wp-json\/wp\/v2\/posts\/21973","targetHints":{"allow":["GET"]}}],"collection":[{"href":"https:\/\/www.sincomam.org.br\/index.php\/wp-json\/wp\/v2\/posts"}],"about":[{"href":"https:\/\/www.sincomam.org.br\/index.php\/wp-json\/wp\/v2\/types\/post"}],"author":[{"embeddable":true,"href":"https:\/\/www.sincomam.org.br\/index.php\/wp-json\/wp\/v2\/users\/1182"}],"replies":[{"embeddable":true,"href":"https:\/\/www.sincomam.org.br\/index.php\/wp-json\/wp\/v2\/comments?post=21973"}],"version-history":[{"count":1,"href":"https:\/\/www.sincomam.org.br\/index.php\/wp-json\/wp\/v2\/posts\/21973\/revisions"}],"predecessor-version":[{"id":21974,"href":"https:\/\/www.sincomam.org.br\/index.php\/wp-json\/wp\/v2\/posts\/21973\/revisions\/21974"}],"wp:featuredmedia":[{"embeddable":true,"href":"https:\/\/www.sincomam.org.br\/index.php\/wp-json\/wp\/v2\/media\/17800"}],"wp:attachment":[{"href":"https:\/\/www.sincomam.org.br\/index.php\/wp-json\/wp\/v2\/media?parent=21973"}],"wp:term":[{"taxonomy":"category","embeddable":true,"href":"https:\/\/www.sincomam.org.br\/index.php\/wp-json\/wp\/v2\/categories?post=21973"},{"taxonomy":"post_tag","embeddable":true,"href":"https:\/\/www.sincomam.org.br\/index.php\/wp-json\/wp\/v2\/tags?post=21973"}],"curies":[{"name":"wp","href":"https:\/\/api.w.org\/{rel}","templated":true}]}}