{"id":21957,"date":"2016-12-27T00:46:54","date_gmt":"2016-12-27T02:46:54","guid":{"rendered":"http:\/\/www.sincomam.org.br\/?p=21957"},"modified":"2016-12-25T10:53:20","modified_gmt":"2016-12-25T12:53:20","slug":"portos-tem-queda-de-14-no-movimento-no-3o-trimestre","status":"publish","type":"post","link":"https:\/\/www.sincomam.org.br\/index.php\/portos-tem-queda-de-14-no-movimento-no-3o-trimestre\/","title":{"rendered":"Portos t\u00eam queda de 1,4% no movimento no 3\u00ba trimestre"},"content":{"rendered":"<p>O setor portu\u00e1rio brasileiro registrou uma queda de 1,4% em sua movimenta\u00e7\u00e3o de cargas no terceiro trimestre do ano, segundo dados divulgados pela Ag\u00eancia Nacional de Transportes Aquavi\u00e1rios (Antaq), o \u00f3rg\u00e3o regulador desse mercado. No total, portos organizados (p\u00fablicos) e terminais privados embarcaram ou desembarcaram 264 milh\u00f5es de toneladas, 3,8 milh\u00f5es de toneladas a menos do que no mesmo per\u00edodo do ano passado.<\/p>\n<p>Os portos organizados registraram um decr\u00e9scimo de 4,1% em sua tonelagem no \u00faltimo trimestre, na compara\u00e7\u00e3o com os mesmos meses de 2015. O volume chegou a 89,9 milh\u00f5es de toneladas. J\u00e1 os terminais privados contabilizaram 174,1 milh\u00f5es de toneladas, ficando praticamente estagnados (a redu\u00e7\u00e3o foi de 0,03%).<\/p>\n<p>De acordo com t\u00e9cnicos da Superintend\u00eancia de Desempenho, Desenvolvimento e Sustentabilidade da Antaq, esse foi o segundo trimestre seguido em que os terminais privados apresentam decr\u00e9scimo na movimenta\u00e7\u00e3o \u2013 fato que n\u00e3o ocorria desde 2014. O segundo trimestre de 2016 teve uma redu\u00e7\u00e3o de 2%.<\/p>\n<p>Ainda de acordo com especialistas da ag\u00eancia, o desempenho do segmento foi afetado principalmente pelas quedas nas exporta\u00e7\u00f5es de dois grupos de commodities agr\u00edcolas: sementes e frutos oleaginosos (-31,4%) e cereais (40,7%).<\/p>\n<p>Na an\u00e1lise das mercadorias operadas no setor de julho a setembro, as maiores tonelagens foram as dos min\u00e9rios (110,7 milh\u00f5es de toneladas, acr\u00e9scimo de 2,5%) e as dos cont\u00eaineres (27,6 milh\u00f5es de toneladas, aumento de 7,3%). Entre as principais baixas, est\u00e3o a de sementes, gr\u00e3os e frutos (11,8 milh\u00f5es de toneladas, decr\u00e9scimo de 32,2%) e a dos combust\u00edveis (57,7 milh\u00f5es de toneladas, queda de 0,4%).<\/p>\n<p>Entre os portos organizados, Santos se manteve na lideran\u00e7a com a maior movimenta\u00e7\u00e3o, 26,4 milh\u00f5es de toneladas, apesar desse total indicar uma queda de 7,2%.<\/p>\n<p>Fonte: Tribuna online<\/p>\n","protected":false},"excerpt":{"rendered":"<p>O setor portu\u00e1rio brasileiro registrou uma queda de 1,4% em sua movimenta\u00e7\u00e3o de cargas no terceiro trimestre do ano, segundo dados divulgados pela Ag\u00eancia Nacional&#8230;<\/p>\n","protected":false},"author":1182,"featured_media":18377,"comment_status":"closed","ping_status":"closed","sticky":false,"template":"","format":"standard","meta":{"footnotes":""},"categories":[6],"tags":[],"class_list":["post-21957","post","type-post","status-publish","format-standard","has-post-thumbnail","hentry","category-noticias"],"_links":{"self":[{"href":"https:\/\/www.sincomam.org.br\/index.php\/wp-json\/wp\/v2\/posts\/21957","targetHints":{"allow":["GET"]}}],"collection":[{"href":"https:\/\/www.sincomam.org.br\/index.php\/wp-json\/wp\/v2\/posts"}],"about":[{"href":"https:\/\/www.sincomam.org.br\/index.php\/wp-json\/wp\/v2\/types\/post"}],"author":[{"embeddable":true,"href":"https:\/\/www.sincomam.org.br\/index.php\/wp-json\/wp\/v2\/users\/1182"}],"replies":[{"embeddable":true,"href":"https:\/\/www.sincomam.org.br\/index.php\/wp-json\/wp\/v2\/comments?post=21957"}],"version-history":[{"count":1,"href":"https:\/\/www.sincomam.org.br\/index.php\/wp-json\/wp\/v2\/posts\/21957\/revisions"}],"predecessor-version":[{"id":21958,"href":"https:\/\/www.sincomam.org.br\/index.php\/wp-json\/wp\/v2\/posts\/21957\/revisions\/21958"}],"wp:featuredmedia":[{"embeddable":true,"href":"https:\/\/www.sincomam.org.br\/index.php\/wp-json\/wp\/v2\/media\/18377"}],"wp:attachment":[{"href":"https:\/\/www.sincomam.org.br\/index.php\/wp-json\/wp\/v2\/media?parent=21957"}],"wp:term":[{"taxonomy":"category","embeddable":true,"href":"https:\/\/www.sincomam.org.br\/index.php\/wp-json\/wp\/v2\/categories?post=21957"},{"taxonomy":"post_tag","embeddable":true,"href":"https:\/\/www.sincomam.org.br\/index.php\/wp-json\/wp\/v2\/tags?post=21957"}],"curies":[{"name":"wp","href":"https:\/\/api.w.org\/{rel}","templated":true}]}}