{"id":21949,"date":"2016-12-27T00:53:17","date_gmt":"2016-12-27T02:53:17","guid":{"rendered":"http:\/\/www.sincomam.org.br\/?p=21949"},"modified":"2016-12-25T10:53:46","modified_gmt":"2016-12-25T12:53:46","slug":"vale-da-inicio-a-projeto-de-us-143-bi-no-para","status":"publish","type":"post","link":"https:\/\/www.sincomam.org.br\/index.php\/vale-da-inicio-a-projeto-de-us-143-bi-no-para\/","title":{"rendered":"Vale d\u00e1 in\u00edcio a projeto de US$ 14,3 bi no Par\u00e1"},"content":{"rendered":"<p>A mineradora Vale inaugura, com presen\u00e7a do presidente Michel Temer, o maior investimento privado feito no Pa\u00eds nesta d\u00e9cada &#8211; o complexo S11D, da Vale, uma obra de US$ 14,3 bilh\u00f5es, para extrair min\u00e9rio de ferro de baixo custo no meio da Floresta Amaz\u00f4nica, no Par\u00e1. O evento aconteceria na quinta-feira, mesmo dia em que o presidente lan\u00e7ou o pacote de medidas de incentivo \u00e0 economia. Foi adiado a pedido de Temer, que chega ao local em um momento em que a Vale dispensa empregados &#8211; foram 7,2 mil cortes desde julho. Neste semestre, 1,2 mil trabalhadores foram demitidos a cada m\u00eas, entre pr\u00f3prios e terceirizados, apesar de 8 mil ainda permanecerem no canteiro de obras.<\/p>\n<p>No auge da constru\u00e7\u00e3o, em 2015, cerca de 15,7 mil chegaram a trabalhar no superprojeto instalado no munic\u00edpio de Cana\u00e3 do Caraj\u00e1, no sudeste paraense. Aberta a mina e instalados usina e log\u00edstica, esse n\u00famero caiu para 1,6 mil pessoas. Quando o S11D come\u00e7ar a operar comercialmente, em janeiro, chegar\u00e3o a 2,7 mil pessoas, contingente muito inferior aos 7 mil da mina de Caraj\u00e1, ao Sul, que funciona no munic\u00edpio vizinho de Parauapebas, desde 1985.<\/p>\n<p>Automa\u00e7\u00e3o, redu\u00e7\u00e3o do custo com m\u00e3o de obra, energia el\u00e9trica e manuten\u00e7\u00e3o garantem a economia no S11D, em um ambiente internacional de baixas cota\u00e7\u00f5es do min\u00e9rio de ferro. O custo do produto pronto para ser exportado no Terminal Mar\u00edtimo de Ponta da Madeira, em S\u00e3o Lu\u00eds do Maranh\u00e3o (MA), \u00e9 de US$ 7,70 por tonelada, 41% menor do que a Vale alcan\u00e7a em sua m\u00e9dia.<\/p>\n<p>Os n\u00fameros do projeto s\u00e3o t\u00e3o bons que, se a demanda aumentar e as cota\u00e7\u00f5es permitirem, a mineradora vai priorizar o aumento da produ\u00e7\u00e3o no S11D e n\u00e3o em qualquer outra mina da regi\u00e3o Norte do Pa\u00eds, segundo o diretor de Opera\u00e7\u00e3o Ferrosos Serra Sul, Josimar Pires. &#8220;O uso de correias, em vez de caminh\u00f5es \u00e9 uma das principais raz\u00f5es para o custo t\u00e3o baixo do projeto&#8221;, afirmou.<\/p>\n<p>Potencial<br \/>O projeto nasce com capacidade de produ\u00e7\u00e3o de 90 milh\u00f5es de toneladas por ano (Mtpa), mas a produ\u00e7\u00e3o est\u00e1 limitada a 75 Mtpa por restri\u00e7\u00f5es log\u00edsticas. Enquanto aguarda as condi\u00e7\u00f5es do mercado melhorarem, ao mesmo tempo em que evita inundar o mercado com mais min\u00e9rio, a Vale escalona a utiliza\u00e7\u00e3o dessa capacidade total, que s\u00f3 ser\u00e1 atingida em 2020. Inicialmente, o plano era alcan\u00e7ar esse volume em 2018.<\/p>\n<p>O S11D \u00e9 apenas um peda\u00e7o de uma grande \u00e1rea sob concess\u00e3o da Vale, com potencial para produzir 10 bilh\u00f5es de toneladas de min\u00e9rio de ferro. Juntos, o bloco D, inaugurado hoje, e o C, ainda sem data para ser explorado, somam reservas de 4,24 bilh\u00f5es de toneladas.<\/p>\n<p>O projeto sai do papel ap\u00f3s 15 anos de sua idealiza\u00e7\u00e3o. A licen\u00e7a pr\u00e9via saiu em 2012, quatro anos antes do Ibama liberar a opera\u00e7\u00e3o. Por estar na Floresta Nacional de Caraj\u00e1, unidade de conserva\u00e7\u00e3o ambiental, os t\u00e9cnicos do instituto ficaram receosos com os preju\u00edzos que o S11D poderia causar. O projeto tem a vantagem, por\u00e9m, de n\u00e3o contar com barragem de dejetos, o que evita a repeti\u00e7\u00e3o de desastres como o de Mariana (MG). No projeto, o ultrafino de min\u00e9rio, com alto teor de ferro, que iria para a barragem, n\u00e3o ser\u00e1 descartado.<\/p>\n<p>Fonte: O Estado de S. Paulo<\/p>\n","protected":false},"excerpt":{"rendered":"<p>A mineradora Vale inaugura, com presen\u00e7a do presidente Michel Temer, o maior investimento privado feito no Pa\u00eds nesta d\u00e9cada &#8211; o complexo S11D, da Vale,&#8230;<\/p>\n","protected":false},"author":1182,"featured_media":18013,"comment_status":"closed","ping_status":"closed","sticky":false,"template":"","format":"standard","meta":{"footnotes":""},"categories":[6],"tags":[],"class_list":["post-21949","post","type-post","status-publish","format-standard","has-post-thumbnail","hentry","category-noticias"],"_links":{"self":[{"href":"https:\/\/www.sincomam.org.br\/index.php\/wp-json\/wp\/v2\/posts\/21949","targetHints":{"allow":["GET"]}}],"collection":[{"href":"https:\/\/www.sincomam.org.br\/index.php\/wp-json\/wp\/v2\/posts"}],"about":[{"href":"https:\/\/www.sincomam.org.br\/index.php\/wp-json\/wp\/v2\/types\/post"}],"author":[{"embeddable":true,"href":"https:\/\/www.sincomam.org.br\/index.php\/wp-json\/wp\/v2\/users\/1182"}],"replies":[{"embeddable":true,"href":"https:\/\/www.sincomam.org.br\/index.php\/wp-json\/wp\/v2\/comments?post=21949"}],"version-history":[{"count":1,"href":"https:\/\/www.sincomam.org.br\/index.php\/wp-json\/wp\/v2\/posts\/21949\/revisions"}],"predecessor-version":[{"id":21950,"href":"https:\/\/www.sincomam.org.br\/index.php\/wp-json\/wp\/v2\/posts\/21949\/revisions\/21950"}],"wp:featuredmedia":[{"embeddable":true,"href":"https:\/\/www.sincomam.org.br\/index.php\/wp-json\/wp\/v2\/media\/18013"}],"wp:attachment":[{"href":"https:\/\/www.sincomam.org.br\/index.php\/wp-json\/wp\/v2\/media?parent=21949"}],"wp:term":[{"taxonomy":"category","embeddable":true,"href":"https:\/\/www.sincomam.org.br\/index.php\/wp-json\/wp\/v2\/categories?post=21949"},{"taxonomy":"post_tag","embeddable":true,"href":"https:\/\/www.sincomam.org.br\/index.php\/wp-json\/wp\/v2\/tags?post=21949"}],"curies":[{"name":"wp","href":"https:\/\/api.w.org\/{rel}","templated":true}]}}