{"id":21897,"date":"2017-01-03T00:08:28","date_gmt":"2017-01-03T02:08:28","guid":{"rendered":"http:\/\/www.sincomam.org.br\/?p=21897"},"modified":"2016-12-26T12:38:43","modified_gmt":"2016-12-26T14:38:43","slug":"porto-do-pecem-apresenta-recorde-de-movimentacao-no-acumulado-do-ano","status":"publish","type":"post","link":"https:\/\/www.sincomam.org.br\/index.php\/porto-do-pecem-apresenta-recorde-de-movimentacao-no-acumulado-do-ano\/","title":{"rendered":"Porto do Pec\u00e9m apresenta recorde de movimenta\u00e7\u00e3o no acumulado do ano"},"content":{"rendered":"<p>A movimenta\u00e7\u00e3o acumulada atrav\u00e9s do Porto do Pec\u00e9m foi a maior desde o in\u00edcio de suas atividades. O\u00a0total exportado e importado foi de 9.887.849 toneladas, o que representa um aumento de 50% quando comparado ao mesmo per\u00edodo do ano passado. No que se refere a importa\u00e7\u00f5es, o incremento foi de 42% (8.077.781 toneladas), enquanto as exporta\u00e7\u00f5es cresceram 102% (1.810.069 toneladas).<\/p>\n<p>Na navega\u00e7\u00e3o de longo curso (movimenta\u00e7\u00e3o com portos de fora do pa\u00eds), os principais destaques na importa\u00e7\u00e3o s\u00e3o o carv\u00e3o mineral (3.789.030 t), g\u00e1s natural (757.373 t), coque de petr\u00f3leo (104.917 t), produtos sider\u00fargicos (221.623 t), adubos ou fertilizantes (41.731 t), produtos diversos das ind\u00fastrias qu\u00edmicas (26.199 t), pl\u00e1sticos e suas obras (23.196 t). Nas exporta\u00e7\u00f5es, foram movimentadas 427.016 toneladas de produtos sider\u00fargicos, desse total, 408.057 toneladas foram de placas de a\u00e7o. Os outros destaques nas exporta\u00e7\u00f5es ficaram por conta do g\u00e1s natural (327.133 t), frutas (184.751 t) e pl\u00e1sticos e suas obras (54.447 t).<\/p>\n<p>J\u00e1 a cabotagem (movimenta\u00e7\u00e3o entre portos brasileiros) apresentou um aumento de 263% em compara\u00e7\u00e3o aos 11 meses de 2015. &#8220;Podemos atrelar este crescimento, principalmente, ao desembarque de min\u00e9rio de ferro e produtos sider\u00fargicos&#8221;, disse o diretor-presidente da Cear\u00e1portos, Danilo Serpa. De acordo com ele, a expectativa \u00e9 de que este ano o porto chegue \u00e0s 11 milh\u00f5es de toneladas movimentadas.<\/p>\n<p>Fonte: Assessoria de Imprensa da Cear\u00e1portos<\/p>\n<div><\/div>\n<div class=\"jwDisqusForm\"><\/div>\n","protected":false},"excerpt":{"rendered":"<p>A movimenta\u00e7\u00e3o acumulada atrav\u00e9s do Porto do Pec\u00e9m foi a maior desde o in\u00edcio de suas atividades. O\u00a0total exportado e importado foi de 9.887.849 toneladas,&#8230;<\/p>\n","protected":false},"author":1182,"featured_media":19265,"comment_status":"closed","ping_status":"closed","sticky":false,"template":"","format":"standard","meta":{"footnotes":""},"categories":[6],"tags":[],"class_list":["post-21897","post","type-post","status-publish","format-standard","has-post-thumbnail","hentry","category-noticias"],"_links":{"self":[{"href":"https:\/\/www.sincomam.org.br\/index.php\/wp-json\/wp\/v2\/posts\/21897","targetHints":{"allow":["GET"]}}],"collection":[{"href":"https:\/\/www.sincomam.org.br\/index.php\/wp-json\/wp\/v2\/posts"}],"about":[{"href":"https:\/\/www.sincomam.org.br\/index.php\/wp-json\/wp\/v2\/types\/post"}],"author":[{"embeddable":true,"href":"https:\/\/www.sincomam.org.br\/index.php\/wp-json\/wp\/v2\/users\/1182"}],"replies":[{"embeddable":true,"href":"https:\/\/www.sincomam.org.br\/index.php\/wp-json\/wp\/v2\/comments?post=21897"}],"version-history":[{"count":2,"href":"https:\/\/www.sincomam.org.br\/index.php\/wp-json\/wp\/v2\/posts\/21897\/revisions"}],"predecessor-version":[{"id":22056,"href":"https:\/\/www.sincomam.org.br\/index.php\/wp-json\/wp\/v2\/posts\/21897\/revisions\/22056"}],"wp:featuredmedia":[{"embeddable":true,"href":"https:\/\/www.sincomam.org.br\/index.php\/wp-json\/wp\/v2\/media\/19265"}],"wp:attachment":[{"href":"https:\/\/www.sincomam.org.br\/index.php\/wp-json\/wp\/v2\/media?parent=21897"}],"wp:term":[{"taxonomy":"category","embeddable":true,"href":"https:\/\/www.sincomam.org.br\/index.php\/wp-json\/wp\/v2\/categories?post=21897"},{"taxonomy":"post_tag","embeddable":true,"href":"https:\/\/www.sincomam.org.br\/index.php\/wp-json\/wp\/v2\/tags?post=21897"}],"curies":[{"name":"wp","href":"https:\/\/api.w.org\/{rel}","templated":true}]}}