{"id":21857,"date":"2016-12-09T01:48:39","date_gmt":"2016-12-09T03:48:39","guid":{"rendered":"http:\/\/www.sincomam.org.br\/?p=21857"},"modified":"2016-12-09T10:49:26","modified_gmt":"2016-12-09T12:49:26","slug":"faturamento-da-industria-eletronica-deve-recuar-11-em-2016-revela-abinee","status":"publish","type":"post","link":"https:\/\/www.sincomam.org.br\/index.php\/faturamento-da-industria-eletronica-deve-recuar-11-em-2016-revela-abinee\/","title":{"rendered":"Faturamento da ind\u00fastria eletr\u00f4nica deve recuar 11% em 2016, revela Abinee"},"content":{"rendered":"<p>A ind\u00fastria eletroeletr\u00f4nica deve encerrar 2016 contabilizando um faturamento de R$ 131,2 bilh\u00f5es, divulga a Associa\u00e7\u00e3o Brasileira da Ind\u00fastria El\u00e9trica e Eletr\u00f4nica (Abinee) nesta quinta-feira, 8. O resultado representa queda nominal de 8% em rela\u00e7\u00e3o ao ano passado, quando o faturamento chegou a R$ 142,5 bilh\u00f5es. Quando descontada a infla\u00e7\u00e3o, o faturamento do setor em 2016 mostra retra\u00e7\u00e3o de 11%.<\/p>\n<p>Para a produ\u00e7\u00e3o industrial, a Abinee projeta queda de 10% neste ano em compara\u00e7\u00e3o com 2015. Para os investimentos da ind\u00fastria el\u00e9trica e eletr\u00f4nica, a previs\u00e3o \u00e9 de queda de 25%, passando de R$ 3,2 bilh\u00f5es em 2015 para R$ 2,4 bilh\u00f5es em 2016.<\/p>\n<p>Balan\u00e7a comercial<\/p>\n<p>As exporta\u00e7\u00f5es da ind\u00fastria eletroeletr\u00f4nica devem fechar esse ano com uma queda de 5% em rela\u00e7\u00e3o a 2015, caindo de US$ 5,9 bilh\u00f5es para US$ 5,5 bilh\u00f5es, segundo a Abinee.<\/p>\n<p>As importa\u00e7\u00f5es devem recuar algo como 20%, passando de US$ 31,4 bilh\u00f5es no ano passado para US$ 25,3 bilh\u00f5es, em 2016.<\/p>\n<p>Com isso a balan\u00e7a comercial do setor fechar\u00e1 o ano um d\u00e9ficit de US$ 19,7 bilh\u00f5es, uma queda de 23% em rela\u00e7\u00e3o ao ano passado.<\/p>\n<p>Emprego<\/p>\n<p>O n\u00famero de empregados na Ind\u00fastria de eletroeletr\u00f4nicos deve fechar o ano em curso com um recuo 14 mil postos, passando de 248,1 mil no final de 2015 para 234 mil no final de 2016.<\/p>\n<p>No acumulado dos \u00faltimos dois anos o setor fechou 60 mil postos de trabalho, segundo o presidente do Conselho da Abinee, Irineu Gov\u00eaa. Em dezembro de 2014 o setor empregava 294 mil pessoas.<\/p>\n<p>Fonte: Isto\u00e9 Dinheiro<\/p>\n","protected":false},"excerpt":{"rendered":"<p>A ind\u00fastria eletroeletr\u00f4nica deve encerrar 2016 contabilizando um faturamento de R$ 131,2 bilh\u00f5es, divulga a Associa\u00e7\u00e3o Brasileira da Ind\u00fastria El\u00e9trica e Eletr\u00f4nica (Abinee) nesta quinta-feira,&#8230;<\/p>\n","protected":false},"author":1182,"featured_media":18363,"comment_status":"closed","ping_status":"closed","sticky":false,"template":"","format":"standard","meta":{"footnotes":""},"categories":[6],"tags":[],"class_list":["post-21857","post","type-post","status-publish","format-standard","has-post-thumbnail","hentry","category-noticias"],"_links":{"self":[{"href":"https:\/\/www.sincomam.org.br\/index.php\/wp-json\/wp\/v2\/posts\/21857","targetHints":{"allow":["GET"]}}],"collection":[{"href":"https:\/\/www.sincomam.org.br\/index.php\/wp-json\/wp\/v2\/posts"}],"about":[{"href":"https:\/\/www.sincomam.org.br\/index.php\/wp-json\/wp\/v2\/types\/post"}],"author":[{"embeddable":true,"href":"https:\/\/www.sincomam.org.br\/index.php\/wp-json\/wp\/v2\/users\/1182"}],"replies":[{"embeddable":true,"href":"https:\/\/www.sincomam.org.br\/index.php\/wp-json\/wp\/v2\/comments?post=21857"}],"version-history":[{"count":1,"href":"https:\/\/www.sincomam.org.br\/index.php\/wp-json\/wp\/v2\/posts\/21857\/revisions"}],"predecessor-version":[{"id":21858,"href":"https:\/\/www.sincomam.org.br\/index.php\/wp-json\/wp\/v2\/posts\/21857\/revisions\/21858"}],"wp:featuredmedia":[{"embeddable":true,"href":"https:\/\/www.sincomam.org.br\/index.php\/wp-json\/wp\/v2\/media\/18363"}],"wp:attachment":[{"href":"https:\/\/www.sincomam.org.br\/index.php\/wp-json\/wp\/v2\/media?parent=21857"}],"wp:term":[{"taxonomy":"category","embeddable":true,"href":"https:\/\/www.sincomam.org.br\/index.php\/wp-json\/wp\/v2\/categories?post=21857"},{"taxonomy":"post_tag","embeddable":true,"href":"https:\/\/www.sincomam.org.br\/index.php\/wp-json\/wp\/v2\/tags?post=21857"}],"curies":[{"name":"wp","href":"https:\/\/api.w.org\/{rel}","templated":true}]}}