{"id":21843,"date":"2016-12-08T00:15:08","date_gmt":"2016-12-08T02:15:08","guid":{"rendered":"http:\/\/www.sincomam.org.br\/?p=21843"},"modified":"2016-12-07T23:55:27","modified_gmt":"2016-12-08T01:55:27","slug":"blairo-confirma-ao-bb-que-encerrara-programa-de-armazens-da-conab","status":"publish","type":"post","link":"https:\/\/www.sincomam.org.br\/index.php\/blairo-confirma-ao-bb-que-encerrara-programa-de-armazens-da-conab\/","title":{"rendered":"Blairo confirma ao BB que encerrar\u00e1 programa de armaz\u00e9ns da Conab"},"content":{"rendered":"<p>O ministro da Agricultura, Blairo Maggi, confirmou em reuni\u00e3o com o presidente do Banco do Brasil, Paulo Cafarelli, que decidiu encerrar o programa de constru\u00e7\u00e3o e moderniza\u00e7\u00e3o de armaz\u00e9ns da Companhia Nacional de Abastecimento (Conab). O governo tem um custo de R$ 2 milh\u00f5es a R$ 3 milh\u00f5es com o programa por ano, disse o ministro, de acordo com nota do Minist\u00e9rio da Agricultura.<\/p>\n<p>Maggi j\u00e1 havia adiantado ao Valor, logo que assumiu o cargo em junho, que uma de suas principais prioridades seria \u201cdesmontar\u201d o programa. O plano foi lan\u00e7ado em 2013, ainda no governo da ex-presidente Dilma Rousseff, e previa a constru\u00e7\u00e3o e reforma de 90 armaz\u00e9ns em at\u00e9 dois anos. O BB \u00e9 o respons\u00e1vel pela licita\u00e7\u00e3o de projetos e obras do programa, mas nenhuma obra saiu do papel at\u00e9 hoje.<\/p>\n<p>Segundo o ministro, a Conab ir\u00e1 ceder armaz\u00e9ns que est\u00e3o ociosos em diferentes regi\u00f5es do pa\u00eds para atender a necessidades de produtores locais. Disse ainda que o papel da Conab deve estar voltado ao acompanhamento de safras e \u00e0 pol\u00edtica de pre\u00e7os. \u201cA manuten\u00e7\u00e3o de armaz\u00e9ns se justifica apenas em rar\u00edssimos casos\u201d, afirmou, segundo a nota.<\/p>\n<p>Ele acrescentou que o objetivo \u00e9 ceder ou vender as unidades ociosas a Estados e munic\u00edpios que poder\u00e3o fazer parceria com a iniciativa privada. S\u00e3o 177 armaz\u00e9ns no pa\u00eds. A Conab est\u00e1 fazendo levantamento de quais est\u00e3o em desuso. A primeira cess\u00e3o foi feita hoje ao munic\u00edpio de Chapad\u00e3o do Sul (MS). No Estado, h\u00e1 17 armaz\u00e9ns. A decis\u00e3o visa tamb\u00e9m desonerar a Uni\u00e3o pela manuten\u00e7\u00e3o dessas unidades.<\/p>\n<p>Fonte: Valor<\/p>\n","protected":false},"excerpt":{"rendered":"<p>O ministro da Agricultura, Blairo Maggi, confirmou em reuni\u00e3o com o presidente do Banco do Brasil, Paulo Cafarelli, que decidiu encerrar o programa de constru\u00e7\u00e3o&#8230;<\/p>\n","protected":false},"author":1182,"featured_media":21844,"comment_status":"closed","ping_status":"closed","sticky":false,"template":"","format":"standard","meta":{"footnotes":""},"categories":[6],"tags":[],"class_list":["post-21843","post","type-post","status-publish","format-standard","has-post-thumbnail","hentry","category-noticias"],"_links":{"self":[{"href":"https:\/\/www.sincomam.org.br\/index.php\/wp-json\/wp\/v2\/posts\/21843","targetHints":{"allow":["GET"]}}],"collection":[{"href":"https:\/\/www.sincomam.org.br\/index.php\/wp-json\/wp\/v2\/posts"}],"about":[{"href":"https:\/\/www.sincomam.org.br\/index.php\/wp-json\/wp\/v2\/types\/post"}],"author":[{"embeddable":true,"href":"https:\/\/www.sincomam.org.br\/index.php\/wp-json\/wp\/v2\/users\/1182"}],"replies":[{"embeddable":true,"href":"https:\/\/www.sincomam.org.br\/index.php\/wp-json\/wp\/v2\/comments?post=21843"}],"version-history":[{"count":1,"href":"https:\/\/www.sincomam.org.br\/index.php\/wp-json\/wp\/v2\/posts\/21843\/revisions"}],"predecessor-version":[{"id":21845,"href":"https:\/\/www.sincomam.org.br\/index.php\/wp-json\/wp\/v2\/posts\/21843\/revisions\/21845"}],"wp:featuredmedia":[{"embeddable":true,"href":"https:\/\/www.sincomam.org.br\/index.php\/wp-json\/wp\/v2\/media\/21844"}],"wp:attachment":[{"href":"https:\/\/www.sincomam.org.br\/index.php\/wp-json\/wp\/v2\/media?parent=21843"}],"wp:term":[{"taxonomy":"category","embeddable":true,"href":"https:\/\/www.sincomam.org.br\/index.php\/wp-json\/wp\/v2\/categories?post=21843"},{"taxonomy":"post_tag","embeddable":true,"href":"https:\/\/www.sincomam.org.br\/index.php\/wp-json\/wp\/v2\/tags?post=21843"}],"curies":[{"name":"wp","href":"https:\/\/api.w.org\/{rel}","templated":true}]}}