{"id":21841,"date":"2016-12-08T00:10:07","date_gmt":"2016-12-08T02:10:07","guid":{"rendered":"http:\/\/www.sincomam.org.br\/?p=21841"},"modified":"2016-12-07T23:54:00","modified_gmt":"2016-12-08T01:54:00","slug":"17-navios-de-turismo-atracam-no-porto-de-ilheus-durante-o-verao-de-2017","status":"publish","type":"post","link":"https:\/\/www.sincomam.org.br\/index.php\/17-navios-de-turismo-atracam-no-porto-de-ilheus-durante-o-verao-de-2017\/","title":{"rendered":"17 navios de turismo atracam no porto de Ilh\u00e9us durante o Ver\u00e3o de 2017"},"content":{"rendered":"<p>O Porto Internacional do Malhado, em Ilh\u00e9us, recebe, at\u00e9 mar\u00e7o de 2017, outros 17 transatl\u00e2nticos na temporada de ver\u00e3o, que foi aberta, no dia 17 de outubro, com a chegada do cruzeiro Midnatsol, vindo de Salvador. O per\u00edodo de atracagem de navios de passageiros movimenta a economia e refor\u00e7a o destino tur\u00edstico local.<\/p>\n<p>Somente neste m\u00eas de dezembro, est\u00e3o previstas tr\u00eas atracagens no porto, trazendo mais de 12 mil visitantes, de acordo com o chefe do receptivo da Secretaria Municipal de Turismo, Jackson Rodrigues. No dia 20, chega ao terminal o navio MSC Preziosa. J\u00e1 no dia 27, atracam as embarca\u00e7\u00f5es Costa Fascinosa e novamente a MSC Preziosa.<\/p>\n<p>Apesar de ainda n\u00e3o haver estimativa geral da quantidade de visitantes, a chegada desses cruzeiros \u00e9 muito importante para economia de uma cidade tur\u00edstica como Ilh\u00e9us, afirma o secret\u00e1rio de Turismo e Esportes, Josenaldo Cerqueira. \u201cCom a chegada dos visitantes, sejam brasileiros ou estrangeiros, h\u00e1 um incremento do consumo nos restaurantes, cabanas de praia, movimenta\u00e7\u00e3o de t\u00e1xis, bares, mercado de artesanato e pontos tur\u00edsticos\u201d.<\/p>\n<p>Em janeiro de 2017, volta ao porto, nos dias 4, 11, 18 e 25, o MSC Preziosa; tamb\u00e9m no dia 4, aporta o Costa Fascinosa, j\u00e1 no dia 23, chega o Boudicca. Em fevereiro, nos dias primeiro, 8, 15 e 22, retorna o MSC Preziosa; nos dias 16 e 21, ser\u00e1 a vez do MS Veendam. A temporada ser\u00e1 fechada em mar\u00e7o, com a chegada dos MSC M\u00fasica (21) e a volta do Midnatsol (24).<\/p>\n<p>Fonte: Tribuna da Bahia<\/p>\n","protected":false},"excerpt":{"rendered":"<p>O Porto Internacional do Malhado, em Ilh\u00e9us, recebe, at\u00e9 mar\u00e7o de 2017, outros 17 transatl\u00e2nticos na temporada de ver\u00e3o, que foi aberta, no dia 17&#8230;<\/p>\n","protected":false},"author":1182,"featured_media":19112,"comment_status":"closed","ping_status":"closed","sticky":false,"template":"","format":"standard","meta":{"footnotes":""},"categories":[6],"tags":[],"class_list":["post-21841","post","type-post","status-publish","format-standard","has-post-thumbnail","hentry","category-noticias"],"_links":{"self":[{"href":"https:\/\/www.sincomam.org.br\/index.php\/wp-json\/wp\/v2\/posts\/21841","targetHints":{"allow":["GET"]}}],"collection":[{"href":"https:\/\/www.sincomam.org.br\/index.php\/wp-json\/wp\/v2\/posts"}],"about":[{"href":"https:\/\/www.sincomam.org.br\/index.php\/wp-json\/wp\/v2\/types\/post"}],"author":[{"embeddable":true,"href":"https:\/\/www.sincomam.org.br\/index.php\/wp-json\/wp\/v2\/users\/1182"}],"replies":[{"embeddable":true,"href":"https:\/\/www.sincomam.org.br\/index.php\/wp-json\/wp\/v2\/comments?post=21841"}],"version-history":[{"count":1,"href":"https:\/\/www.sincomam.org.br\/index.php\/wp-json\/wp\/v2\/posts\/21841\/revisions"}],"predecessor-version":[{"id":21842,"href":"https:\/\/www.sincomam.org.br\/index.php\/wp-json\/wp\/v2\/posts\/21841\/revisions\/21842"}],"wp:featuredmedia":[{"embeddable":true,"href":"https:\/\/www.sincomam.org.br\/index.php\/wp-json\/wp\/v2\/media\/19112"}],"wp:attachment":[{"href":"https:\/\/www.sincomam.org.br\/index.php\/wp-json\/wp\/v2\/media?parent=21841"}],"wp:term":[{"taxonomy":"category","embeddable":true,"href":"https:\/\/www.sincomam.org.br\/index.php\/wp-json\/wp\/v2\/categories?post=21841"},{"taxonomy":"post_tag","embeddable":true,"href":"https:\/\/www.sincomam.org.br\/index.php\/wp-json\/wp\/v2\/tags?post=21841"}],"curies":[{"name":"wp","href":"https:\/\/api.w.org\/{rel}","templated":true}]}}