{"id":21818,"date":"2016-12-07T10:43:46","date_gmt":"2016-12-07T12:43:46","guid":{"rendered":"http:\/\/www.sincomam.org.br\/?p=21818"},"modified":"2016-12-07T10:43:46","modified_gmt":"2016-12-07T12:43:46","slug":"cna-preve-expansao-de-2-do-agronegocio-em-2017","status":"publish","type":"post","link":"https:\/\/www.sincomam.org.br\/index.php\/cna-preve-expansao-de-2-do-agronegocio-em-2017\/","title":{"rendered":"CNA prev\u00ea expans\u00e3o de 2% do agroneg\u00f3cio em 2017"},"content":{"rendered":"<p>O agroneg\u00f3cio deve apresentar expans\u00e3o de 2% em 2017, segundo estimativa da Confedera\u00e7\u00e3o da Agricultura e Pecu\u00e1ria do Brasil (CNA), divulgada hoje (6), em Bras\u00edlia. O ritmo de crescimento ser\u00e1 menor do que deste ano. Segundo estimativa da confedera\u00e7\u00e3o, o Produto Interno Bruto (PIB) do agroneg\u00f3cio ter\u00e1 crescimento entre 2,5% a 3%, em 2016.<\/p>\n<p>O setor aumentou a sua participa\u00e7\u00e3o no PIB de 2015 para este ano, com altera\u00e7\u00e3o do percentual de 21,5% para 23%. Para o superintendente t\u00e9cnico da CNA, Bruno Lucchi, a tend\u00eancia \u00e9 de continuidade do crescimento do percentual de participa\u00e7\u00e3o do setor na economia.<\/p>\n<p>Para ele, no pr\u00f3ximo ano, o segmento sucroenerg\u00e9tico vai continuar a crescer, impulsionado pelo aumento de pre\u00e7os do a\u00e7\u00facar e etanol. \u201cO caf\u00e9 ainda precisa recuperar a produ\u00e7\u00e3o\u201d, disse. Lucchi acrescentou que a expans\u00e3o de outros segmentos, como de prote\u00edna animal, vai depender da recupera\u00e7\u00e3o da economia para que as pessoas tenham renda para comprar. \u201cH\u00e1 incerteza sobre o quanto podem crescer no pr\u00f3ximo ano\u201d, destacou. Lucchi tamb\u00e9m avaliou que no pr\u00f3ximo ano haver\u00e1 menos influ\u00eancia de problemas clim\u00e1ticos na produ\u00e7\u00e3o de gr\u00e3os.<\/p>\n<p>Exporta\u00e7\u00f5es<\/p>\n<p>O setor agropecu\u00e1rio representa 48% das exporta\u00e7\u00f5es totais do pa\u00eds, lembrou a CNA. Em 2016, os produtos do agroneg\u00f3cio dever\u00e3o garantir saldo comercial significativo ao pa\u00eds: US$ 72,5 bilh\u00f5es.<\/p>\n<p>Para 2017, a expectativa da CNA \u00e9 de continuidade no crescimento do volume de exporta\u00e7\u00f5es, com abertura de novos destinos para os produtos agropecu\u00e1rios e agroindustriais.<\/p>\n<p>Cadastro Ambiental Rural<\/p>\n<p>O presidente da CNA, Jo\u00e3o Martins, criticou a divulga\u00e7\u00e3o de dados das propriedades rurais registradas no Cadastro Ambiental Rural (CAR), na internet. No fim de novembro o governo lan\u00e7ou o Sistema Nacional do CAR (Sicar), um m\u00f3dulo de consulta p\u00fablica os dados do casdatro. Martins disse que vai entrar na Justi\u00e7a contra o ministro do Meio Ambiente, Sarney Filho, que teria autorizado a divulga\u00e7\u00e3o dos dados. Para ele, a divulga\u00e7\u00e3o \u00e9 ilegal e fere regras do C\u00f3digo Florestal. Ele argumentou ainda que a divulga\u00e7\u00e3o d\u00e1 acesso a informa\u00e7\u00f5es estrat\u00e9gicas e de potencial produtivo do pa\u00eds. \u201cAbriu para todo mundo ver o perfil das propriedades, ver qual \u00e1rea mais produtiva do pa\u00eds. Primeiro que \u00e9 um dado sigiloso\u201d, disse.<\/p>\n<p>Procurada, a Assessoria de Imprensa do Minist\u00e9rio do Meio Ambiente ainda n\u00e3o se posicionou sobre o assunto.<\/p>\n<p>Fonte: EBC<\/p>\n","protected":false},"excerpt":{"rendered":"<p>O agroneg\u00f3cio deve apresentar expans\u00e3o de 2% em 2017, segundo estimativa da Confedera\u00e7\u00e3o da Agricultura e Pecu\u00e1ria do Brasil (CNA), divulgada hoje (6), em Bras\u00edlia&#8230;.<\/p>\n","protected":false},"author":1182,"featured_media":18672,"comment_status":"closed","ping_status":"closed","sticky":false,"template":"","format":"standard","meta":{"footnotes":""},"categories":[6],"tags":[],"class_list":["post-21818","post","type-post","status-publish","format-standard","has-post-thumbnail","hentry","category-noticias"],"_links":{"self":[{"href":"https:\/\/www.sincomam.org.br\/index.php\/wp-json\/wp\/v2\/posts\/21818","targetHints":{"allow":["GET"]}}],"collection":[{"href":"https:\/\/www.sincomam.org.br\/index.php\/wp-json\/wp\/v2\/posts"}],"about":[{"href":"https:\/\/www.sincomam.org.br\/index.php\/wp-json\/wp\/v2\/types\/post"}],"author":[{"embeddable":true,"href":"https:\/\/www.sincomam.org.br\/index.php\/wp-json\/wp\/v2\/users\/1182"}],"replies":[{"embeddable":true,"href":"https:\/\/www.sincomam.org.br\/index.php\/wp-json\/wp\/v2\/comments?post=21818"}],"version-history":[{"count":1,"href":"https:\/\/www.sincomam.org.br\/index.php\/wp-json\/wp\/v2\/posts\/21818\/revisions"}],"predecessor-version":[{"id":21819,"href":"https:\/\/www.sincomam.org.br\/index.php\/wp-json\/wp\/v2\/posts\/21818\/revisions\/21819"}],"wp:featuredmedia":[{"embeddable":true,"href":"https:\/\/www.sincomam.org.br\/index.php\/wp-json\/wp\/v2\/media\/18672"}],"wp:attachment":[{"href":"https:\/\/www.sincomam.org.br\/index.php\/wp-json\/wp\/v2\/media?parent=21818"}],"wp:term":[{"taxonomy":"category","embeddable":true,"href":"https:\/\/www.sincomam.org.br\/index.php\/wp-json\/wp\/v2\/categories?post=21818"},{"taxonomy":"post_tag","embeddable":true,"href":"https:\/\/www.sincomam.org.br\/index.php\/wp-json\/wp\/v2\/tags?post=21818"}],"curies":[{"name":"wp","href":"https:\/\/api.w.org\/{rel}","templated":true}]}}