{"id":21813,"date":"2016-12-06T09:20:18","date_gmt":"2016-12-06T11:20:18","guid":{"rendered":"http:\/\/www.sincomam.org.br\/?p=21813"},"modified":"2016-12-06T09:26:21","modified_gmt":"2016-12-06T11:26:21","slug":"bc-discutiu-cortar-mais-a-selic-mostra-ata-do-copom","status":"publish","type":"post","link":"https:\/\/www.sincomam.org.br\/index.php\/bc-discutiu-cortar-mais-a-selic-mostra-ata-do-copom\/","title":{"rendered":"BC discutiu cortar mais a Selic, mostra ata do Copom"},"content":{"rendered":"<section class=\"article-content\">\n<p>O Banco Central discutiu aumentar o ritmo de cortes da taxa b\u00e1sica de juros na semana passada, com alguns dos membros do Comit\u00ea de Pol\u00edtica Monet\u00e1ria (Copom) defendendo que a evolu\u00e7\u00e3o favor\u00e1vel da infla\u00e7\u00e3o, a aprova\u00e7\u00e3o inicial de medidas fiscais e o ritmo fraco da economia justificariam o movimento.<\/p>\n<p>No entanto, outros membros argumentaram que a evolu\u00e7\u00e3o de \u201calguns componentes da infla\u00e7\u00e3o mais sens\u00edveis \u00e0 atividade econ\u00f4mica e \u00e0 pol\u00edtica monet\u00e1ria continuava indicando pausa\u201d e que o cen\u00e1rio externo ficaria mais sens\u00edvel para as economias emergentes.<\/p>\n<p>\u201cEsses mesmos membros ponderaram, entretanto, que \u00e9 razo\u00e1vel esperar uma intensifica\u00e7\u00e3o do processo de flexibiliza\u00e7\u00e3o monet\u00e1ria caso a atividade econ\u00f4mica n\u00e3o d\u00ea sinais mais claros de retomada, posto que nesse caso as proje\u00e7\u00f5es de infla\u00e7\u00e3o devem se reduzir\u201d, trouxe a ata do Copom divulgada nesta ter\u00e7a-feira.<\/p>\n<p>Na semana passada, o BC decidiu dar sequ\u00eancia ao ciclo de afrouxamento da Selic com mais um corte de 0,25 ponto percentual, o segundo seguido, levando-a a 13,75 por cento ao ano.<\/p>\n<p>Citou, naquele momento, al\u00e9m do cen\u00e1rio externo e a atividade econ\u00f4mica no Brasil, o andamento das medidas de ajuste fiscal e desinfla\u00e7\u00e3o mais difundida, argumentos repetidos na ata.<\/p>\n<p>As avalia\u00e7\u00f5es feita pelo BC, no entanto, n\u00e3o levam em conta o rev\u00e9s pol\u00edtico que o governo de Michel Temer levou na noite passada, com o afastamento de Renan Calheiros (PMDB-AL) da presid\u00eancia do Senado por liminar do Supremo Tribunal Federal (STF) e que pode atrapalhar a vota\u00e7\u00e3o das medidas de ajuste fiscal, em especial a Proposta de Emenda \u00e0 Constitui\u00e7\u00e3o (PEC) que limita o crescimento dos gastos p\u00fablicos.<\/p>\n<p>Tamb\u00e9m n\u00e3o incluiu o aumento de pre\u00e7os da gasolina e do diesel nas refinarias anunciado pela Petrobras. Se o ajuste for integralmente repassado ao consumidor, o pre\u00e7o do diesel pode subir 5,5 por cento e da gasolina, 3,4 por cento.<\/p>\n<p>Na ata, o Copom voltou a afirmar que o \u201cprocesso de desinfla\u00e7\u00e3o depende de ambiente externo adequado\u201d mas que, no entanto, n\u00e3o h\u00e1 \u201crela\u00e7\u00e3o mec\u00e2nica entre o cen\u00e1rio externo e a pol\u00edtica monet\u00e1ria\u201d.<\/p>\n<p>Tamb\u00e9m afirmou que havia riscos associados ao poss\u00edvel fim do ambiente relativamente benigno para economias emergentes, sem citar explicitamente a vit\u00f3ria do republicano Donald Trump na disputa pela Presid\u00eancia dos Estados Unidos, que levou a uma onda de avers\u00e3o ao risco nos mercados financeiros globais.<\/p>\n<p>O BC repetiu ainda que a \u201cconverg\u00eancia da infla\u00e7\u00e3o para a meta em 2017 e 2018 \u00e9 compat\u00edvel com processo gradual de flexibiliza\u00e7\u00e3o monet\u00e1ria\u201d e tamb\u00e9m reiterou que a magnitude da flexibiliza\u00e7\u00e3o monet\u00e1ria e a intensifica\u00e7\u00e3o do seu ritmo depender\u00e3o, daqui para frente, das proje\u00e7\u00f5es e expectativas de infla\u00e7\u00e3o e da evolu\u00e7\u00e3o dos fatores de risco.<\/p>\n<p>Na pesquisa Focus mais recente, realizada pelo BC com mais de uma centena de economistas todas as semanas, a perspectiva para a taxa b\u00e1sica de juros em 2017 foi reduzida pela primeira vez em quatro semanas, a 10,5 por cento ao fim do pr\u00f3ximo ano, ao mesmo tempo em que a estimativa para o PIB piorou para uma alta de 0,8 por cento, abaixo da proje\u00e7\u00e3o oficial do governo de expans\u00e3o de 1 por cento.<\/p>\n<p>Enquanto o mercado v\u00ea a infla\u00e7\u00e3o em 4,93 por cento em 2017 e 4,50 por cento em 2018, o BC repetiu na ata do Copom que sua proje\u00e7\u00e3o pelo cen\u00e1rio de refer\u00eancia \u00e9 de alta do IPCA de 4,4 por cento em 2017 e de 3,6 por cento para 2018 \u2013em ambos os casos abaixo do centro da meta.<\/p>\n<p>O centro da meta de infla\u00e7\u00e3o deste ano e dos dois pr\u00f3ximos \u00e9 de 4,5 por cento pelo IPCA, mas com margens de toler\u00e2ncia diferentes. Para 2016, essa banda \u00e9 de 2 pontos percentuais, caindo a 1,5 ponto para 2017 e 2018.<\/p>\n<p>Fonte: Exame<\/p>\n<\/section>\n<section class=\"article-tags\"><\/section>\n","protected":false},"excerpt":{"rendered":"<p>O Banco Central discutiu aumentar o ritmo de cortes da taxa b\u00e1sica de juros na semana passada, com alguns dos membros do Comit\u00ea de Pol\u00edtica&#8230;<\/p>\n","protected":false},"author":1182,"featured_media":18713,"comment_status":"closed","ping_status":"closed","sticky":false,"template":"","format":"standard","meta":{"footnotes":""},"categories":[6],"tags":[],"class_list":["post-21813","post","type-post","status-publish","format-standard","has-post-thumbnail","hentry","category-noticias"],"_links":{"self":[{"href":"https:\/\/www.sincomam.org.br\/index.php\/wp-json\/wp\/v2\/posts\/21813","targetHints":{"allow":["GET"]}}],"collection":[{"href":"https:\/\/www.sincomam.org.br\/index.php\/wp-json\/wp\/v2\/posts"}],"about":[{"href":"https:\/\/www.sincomam.org.br\/index.php\/wp-json\/wp\/v2\/types\/post"}],"author":[{"embeddable":true,"href":"https:\/\/www.sincomam.org.br\/index.php\/wp-json\/wp\/v2\/users\/1182"}],"replies":[{"embeddable":true,"href":"https:\/\/www.sincomam.org.br\/index.php\/wp-json\/wp\/v2\/comments?post=21813"}],"version-history":[{"count":1,"href":"https:\/\/www.sincomam.org.br\/index.php\/wp-json\/wp\/v2\/posts\/21813\/revisions"}],"predecessor-version":[{"id":21814,"href":"https:\/\/www.sincomam.org.br\/index.php\/wp-json\/wp\/v2\/posts\/21813\/revisions\/21814"}],"wp:featuredmedia":[{"embeddable":true,"href":"https:\/\/www.sincomam.org.br\/index.php\/wp-json\/wp\/v2\/media\/18713"}],"wp:attachment":[{"href":"https:\/\/www.sincomam.org.br\/index.php\/wp-json\/wp\/v2\/media?parent=21813"}],"wp:term":[{"taxonomy":"category","embeddable":true,"href":"https:\/\/www.sincomam.org.br\/index.php\/wp-json\/wp\/v2\/categories?post=21813"},{"taxonomy":"post_tag","embeddable":true,"href":"https:\/\/www.sincomam.org.br\/index.php\/wp-json\/wp\/v2\/tags?post=21813"}],"curies":[{"name":"wp","href":"https:\/\/api.w.org\/{rel}","templated":true}]}}