{"id":21765,"date":"2016-12-02T00:10:39","date_gmt":"2016-12-02T02:10:39","guid":{"rendered":"http:\/\/www.sincomam.org.br\/?p=21765"},"modified":"2016-12-01T19:42:20","modified_gmt":"2016-12-01T21:42:20","slug":"odebrecht-assina-acordo-de-leniencia-de-r-67-bi-com-lava-jato","status":"publish","type":"post","link":"https:\/\/www.sincomam.org.br\/index.php\/odebrecht-assina-acordo-de-leniencia-de-r-67-bi-com-lava-jato\/","title":{"rendered":"Odebrecht assina acordo de leni\u00eancia de R$ 6,7 bi com Lava Jato"},"content":{"rendered":"<p>A\u00a0Odebrecht\u00a0come\u00e7ou a assinar nesta quinta-feira, 1, o acordo de leni\u00eancia com procuradores que integram a for\u00e7a-tarefa da Opera\u00e7\u00e3o Lava Jato, que inclui tamb\u00e9m os Estados Unidos e a Su\u00ed\u00e7a. O acordo prev\u00ea multa de R$ 6,7 bilh\u00f5es com prazo de pagamento de 20 anos.<\/p>\n<p>Com a leni\u00eancia, esp\u00e9cie de dela\u00e7\u00e3o premiada de empresas, a companhia admite irregularidades em contratos com o governo e, em troca, poder\u00e1 continuar sendo contratada pelo poder p\u00fablico.<\/p>\n<p>Parte dos executivos da empresa est\u00e1 em Bras\u00edlia para come\u00e7ar a assinar os acordos de dela\u00e7\u00e3o premiada.<\/p>\n<p>At\u00e9 h\u00e1 alguns dias, o \u00faltimo entrave na mesa para o acordo estava relacionado ao valor que seria pago pela empresa aos Estados Unidos, como multa da leni\u00eancia negociada entre as autoridades americanas, o Brasil e a Su\u00ed\u00e7a.<\/p>\n<p>Os EUA pressionavam por um valor maior, o que gerou um impasse na reta final das negocia\u00e7\u00f5es. Como o dinheiro ser\u00e1 repartido entre os tr\u00eas pa\u00edses, a exig\u00eancia de montante maior pelos americanos gerou um entrave na negocia\u00e7\u00e3o.<\/p>\n<h3><strong>Dela\u00e7\u00f5es<\/strong><\/h3>\n<p>No caso das dela\u00e7\u00f5es, as tratativas foram encerradas e restam apenas as formalidades de assinatura do acordo. Apesar de a fase de negocia\u00e7\u00e3o estar praticamente conclu\u00edda, o material ainda n\u00e3o ser\u00e1 enviado ao ministro Teori Zavascki, relator da Lava Jato no Supremo Tribunal Federal (STF).<\/p>\n<p>Antes de encaminhar as dela\u00e7\u00f5es para homologa\u00e7\u00e3o, os procuradores precisam concluir a valida\u00e7\u00e3o de depoimentos dos delatores, o que pode se estender at\u00e9 as v\u00e9speras do recesso do Judici\u00e1rio, que ter\u00e1 in\u00edcio em 20 de dezembro.<\/p>\n<p>A expectativa \u00e9 de que ap\u00f3s a assinatura dos acordos de dela\u00e7\u00e3o e leni\u00eancia a Odebrecht divulgue um comunicado \u00e0 sociedade sobre a situa\u00e7\u00e3o do grupo.<\/p>\n<p>Fonte: Exame<\/p>\n","protected":false},"excerpt":{"rendered":"<p>A\u00a0Odebrecht\u00a0come\u00e7ou a assinar nesta quinta-feira, 1, o acordo de leni\u00eancia com procuradores que integram a for\u00e7a-tarefa da Opera\u00e7\u00e3o Lava Jato, que inclui tamb\u00e9m os Estados&#8230;<\/p>\n","protected":false},"author":1182,"featured_media":18861,"comment_status":"closed","ping_status":"closed","sticky":false,"template":"","format":"standard","meta":{"footnotes":""},"categories":[6],"tags":[],"class_list":["post-21765","post","type-post","status-publish","format-standard","has-post-thumbnail","hentry","category-noticias"],"_links":{"self":[{"href":"https:\/\/www.sincomam.org.br\/index.php\/wp-json\/wp\/v2\/posts\/21765","targetHints":{"allow":["GET"]}}],"collection":[{"href":"https:\/\/www.sincomam.org.br\/index.php\/wp-json\/wp\/v2\/posts"}],"about":[{"href":"https:\/\/www.sincomam.org.br\/index.php\/wp-json\/wp\/v2\/types\/post"}],"author":[{"embeddable":true,"href":"https:\/\/www.sincomam.org.br\/index.php\/wp-json\/wp\/v2\/users\/1182"}],"replies":[{"embeddable":true,"href":"https:\/\/www.sincomam.org.br\/index.php\/wp-json\/wp\/v2\/comments?post=21765"}],"version-history":[{"count":1,"href":"https:\/\/www.sincomam.org.br\/index.php\/wp-json\/wp\/v2\/posts\/21765\/revisions"}],"predecessor-version":[{"id":21766,"href":"https:\/\/www.sincomam.org.br\/index.php\/wp-json\/wp\/v2\/posts\/21765\/revisions\/21766"}],"wp:featuredmedia":[{"embeddable":true,"href":"https:\/\/www.sincomam.org.br\/index.php\/wp-json\/wp\/v2\/media\/18861"}],"wp:attachment":[{"href":"https:\/\/www.sincomam.org.br\/index.php\/wp-json\/wp\/v2\/media?parent=21765"}],"wp:term":[{"taxonomy":"category","embeddable":true,"href":"https:\/\/www.sincomam.org.br\/index.php\/wp-json\/wp\/v2\/categories?post=21765"},{"taxonomy":"post_tag","embeddable":true,"href":"https:\/\/www.sincomam.org.br\/index.php\/wp-json\/wp\/v2\/tags?post=21765"}],"curies":[{"name":"wp","href":"https:\/\/api.w.org\/{rel}","templated":true}]}}