{"id":21755,"date":"2016-12-01T00:10:59","date_gmt":"2016-12-01T02:10:59","guid":{"rendered":"http:\/\/www.sincomam.org.br\/?p=21755"},"modified":"2016-11-30T16:38:26","modified_gmt":"2016-11-30T18:38:26","slug":"governo-fara-leilao-de-4-aeroportos-em-16-de-marco-e-espera-levantar-r-3-bi","status":"publish","type":"post","link":"https:\/\/www.sincomam.org.br\/index.php\/governo-fara-leilao-de-4-aeroportos-em-16-de-marco-e-espera-levantar-r-3-bi\/","title":{"rendered":"Governo far\u00e1 leil\u00e3o de 4 aeroportos em 16 de mar\u00e7o e espera levantar R$ 3 bi"},"content":{"rendered":"<p>O governo marcou para 16 de mar\u00e7o de 2017, na BM&amp;FBovespa, no centro da capital paulista, o leil\u00e3o da nova rodada de concess\u00e3o do setor aeroportu\u00e1rio, na qual o governo espera arreda\u00e7\u00e3o m\u00ednima de R$ 2,91 bilh\u00f5es. Est\u00e3o na lista os aeroportos de Fortaleza, Salvador, Porto Alegre e Florian\u00f3polis.\u00a0<\/p>\n<div class=\"teads-inread\">\n<div class=\"teads-ui-components-label\">Os investimentos obrigat\u00f3rios somam R$ 6,53 bilh\u00f5es durante o prazo da concess\u00e3o.<\/div>\n<\/div>\n<p>Os cons\u00f3rcios ter\u00e3o que ter a participa\u00e7\u00e3o obrigat\u00f3ria de um operador estrangeiro de, no m\u00ednimo, 15% e com experi\u00eancia em aeroportos que movimentem entre quatro e nove milh\u00f5es de passageiros por ano.<\/p>\n<p>A Ag\u00eancia Nacional de Avia\u00e7\u00e3o Civil (Anac) aprovou ontem, em reuni\u00e3o extraordin\u00e1ria, o edital de licita\u00e7\u00e3o dos aeroportos. Desta vez, a Infraero ficar\u00e1 de fora dos cons\u00f3rcios e vencer\u00e1 o certame quem oferecer o maior lance.<\/p>\n<p>Quem arrematar os terminais ter\u00e1 que pagar \u00e0 vista, no dia da assinatura dos contratos, 25% das outorgas, incluindo o \u00e1gio; o restante, ser\u00e1 dilu\u00eddo ao longo da concess\u00e3o. A previs\u00e3o do governo \u00e9 arrecadar imediatamente R$ 754 milh\u00f5es.<\/p>\n<p>Os detalhes da concess\u00e3o ser\u00e3o esclarecidos pelo ministro dos Transportes, Maur\u00edcio Quintella, pelo secret\u00e1rio-executivo do Programa de Parceira de Investimentos (PPI), Moreira Franco e pelo presidente da Anac, Jos\u00e9 Ricardo Botelho, nesta quarta-feira.<\/p>\n<p>Fonte: O Globo<\/p>\n","protected":false},"excerpt":{"rendered":"<p>O governo marcou para 16 de mar\u00e7o de 2017, na BM&amp;FBovespa, no centro da capital paulista, o leil\u00e3o da nova rodada de concess\u00e3o do setor&#8230;<\/p>\n","protected":false},"author":1182,"featured_media":20303,"comment_status":"closed","ping_status":"closed","sticky":false,"template":"","format":"standard","meta":{"footnotes":""},"categories":[6],"tags":[],"class_list":["post-21755","post","type-post","status-publish","format-standard","has-post-thumbnail","hentry","category-noticias"],"_links":{"self":[{"href":"https:\/\/www.sincomam.org.br\/index.php\/wp-json\/wp\/v2\/posts\/21755","targetHints":{"allow":["GET"]}}],"collection":[{"href":"https:\/\/www.sincomam.org.br\/index.php\/wp-json\/wp\/v2\/posts"}],"about":[{"href":"https:\/\/www.sincomam.org.br\/index.php\/wp-json\/wp\/v2\/types\/post"}],"author":[{"embeddable":true,"href":"https:\/\/www.sincomam.org.br\/index.php\/wp-json\/wp\/v2\/users\/1182"}],"replies":[{"embeddable":true,"href":"https:\/\/www.sincomam.org.br\/index.php\/wp-json\/wp\/v2\/comments?post=21755"}],"version-history":[{"count":1,"href":"https:\/\/www.sincomam.org.br\/index.php\/wp-json\/wp\/v2\/posts\/21755\/revisions"}],"predecessor-version":[{"id":21756,"href":"https:\/\/www.sincomam.org.br\/index.php\/wp-json\/wp\/v2\/posts\/21755\/revisions\/21756"}],"wp:featuredmedia":[{"embeddable":true,"href":"https:\/\/www.sincomam.org.br\/index.php\/wp-json\/wp\/v2\/media\/20303"}],"wp:attachment":[{"href":"https:\/\/www.sincomam.org.br\/index.php\/wp-json\/wp\/v2\/media?parent=21755"}],"wp:term":[{"taxonomy":"category","embeddable":true,"href":"https:\/\/www.sincomam.org.br\/index.php\/wp-json\/wp\/v2\/categories?post=21755"},{"taxonomy":"post_tag","embeddable":true,"href":"https:\/\/www.sincomam.org.br\/index.php\/wp-json\/wp\/v2\/tags?post=21755"}],"curies":[{"name":"wp","href":"https:\/\/api.w.org\/{rel}","templated":true}]}}