{"id":21705,"date":"2016-11-30T10:09:01","date_gmt":"2016-11-30T12:09:01","guid":{"rendered":"http:\/\/www.sincomam.org.br\/?p=21705"},"modified":"2016-11-30T10:09:01","modified_gmt":"2016-11-30T12:09:01","slug":"repetro-sera-renovado-muito-em-breve-por-20-anos-informa-ministro","status":"publish","type":"post","link":"https:\/\/www.sincomam.org.br\/index.php\/repetro-sera-renovado-muito-em-breve-por-20-anos-informa-ministro\/","title":{"rendered":"Repetro ser\u00e1 renovado muito em breve por 20 anos, informa ministro"},"content":{"rendered":"<p>O ministro de Minas e Energia, Fernando Coelho Filho, disse que a renova\u00e7\u00e3o do Repetro ocorrer\u00e1 &#8220;muito em breve&#8221; e estender\u00e1 os benef\u00edcios \u00e0 ind\u00fastria petrol\u00edfera por mais 20 anos. Ele afirmou que o governo est\u00e1 &#8220;fechando o texto&#8221; de revis\u00e3o da pol\u00edtica de conte\u00fado local e o Conselho Nacional de Pol\u00edtica Energ\u00e9tica (CNPE) deve analisar o assunto em reuni\u00e3o agendada para 14 de dezembro.<\/p>\n<p>O Repetro \u00e9 um regime aduaneiro especial para exporta\u00e7\u00f5es e importa\u00e7\u00f5es na cadeia produtiva de \u00f3leo e g\u00e1s. Os benef\u00edcios terminam em 2019. A ind\u00fastria alega que, por lidar com projetos de longo prazo, precisa de previsibilidade para executar seus investimentos. Sem entrar em detalhes, Coelho Filho tamb\u00e9m disse que est\u00e1 adiantada a revis\u00e3o da pol\u00edtica de conte\u00fado nacional, sob coordena\u00e7\u00e3o do Minist\u00e9rio da Ind\u00fastria, Com\u00e9rcio Exterior e Servi\u00e7os (MDIC). O objetivo, segundo o ministro, \u00e9 garantir um ambiente mais amig\u00e1vel para os pr\u00f3ximos leil\u00f5es do setor.<\/p>\n<p>Coelho Filho afirmou ainda, durante ato no Pal\u00e1cio do Planalto para san\u00e7\u00e3o das mudan\u00e7as na legisla\u00e7\u00e3o referentes \u00e0 participa\u00e7\u00e3o da Petrobras na explora\u00e7\u00e3o de campos do pr\u00e9\u00adsal, que preservar os interesses econ\u00f4micos e estrat\u00e9gicos da empresa \u00e9 dar\u00adlhe o direito de escolher onde aplicar investimentos.<\/p>\n<p>Na avalia\u00e7\u00e3o do ministro, a estatal participar\u00e1 somente daquilo que faz sentido participar estrategicamente. Ele afirmou tamb\u00e9m que o governo est\u00e1 criando um ambiente prop\u00edcio para garantir o \u201cgrande sucesso\u201d dos leil\u00f5es previstos para o pr\u00f3ximo ano.<\/p>\n<p>Fonte:Valor Econ\u00f4mico<\/p>\n","protected":false},"excerpt":{"rendered":"<p>O ministro de Minas e Energia, Fernando Coelho Filho, disse que a renova\u00e7\u00e3o do Repetro ocorrer\u00e1 &#8220;muito em breve&#8221; e estender\u00e1 os benef\u00edcios \u00e0 ind\u00fastria&#8230;<\/p>\n","protected":false},"author":1182,"featured_media":20349,"comment_status":"closed","ping_status":"closed","sticky":false,"template":"","format":"standard","meta":{"footnotes":""},"categories":[6],"tags":[],"class_list":["post-21705","post","type-post","status-publish","format-standard","has-post-thumbnail","hentry","category-noticias"],"_links":{"self":[{"href":"https:\/\/www.sincomam.org.br\/index.php\/wp-json\/wp\/v2\/posts\/21705","targetHints":{"allow":["GET"]}}],"collection":[{"href":"https:\/\/www.sincomam.org.br\/index.php\/wp-json\/wp\/v2\/posts"}],"about":[{"href":"https:\/\/www.sincomam.org.br\/index.php\/wp-json\/wp\/v2\/types\/post"}],"author":[{"embeddable":true,"href":"https:\/\/www.sincomam.org.br\/index.php\/wp-json\/wp\/v2\/users\/1182"}],"replies":[{"embeddable":true,"href":"https:\/\/www.sincomam.org.br\/index.php\/wp-json\/wp\/v2\/comments?post=21705"}],"version-history":[{"count":1,"href":"https:\/\/www.sincomam.org.br\/index.php\/wp-json\/wp\/v2\/posts\/21705\/revisions"}],"predecessor-version":[{"id":21706,"href":"https:\/\/www.sincomam.org.br\/index.php\/wp-json\/wp\/v2\/posts\/21705\/revisions\/21706"}],"wp:featuredmedia":[{"embeddable":true,"href":"https:\/\/www.sincomam.org.br\/index.php\/wp-json\/wp\/v2\/media\/20349"}],"wp:attachment":[{"href":"https:\/\/www.sincomam.org.br\/index.php\/wp-json\/wp\/v2\/media?parent=21705"}],"wp:term":[{"taxonomy":"category","embeddable":true,"href":"https:\/\/www.sincomam.org.br\/index.php\/wp-json\/wp\/v2\/categories?post=21705"},{"taxonomy":"post_tag","embeddable":true,"href":"https:\/\/www.sincomam.org.br\/index.php\/wp-json\/wp\/v2\/tags?post=21705"}],"curies":[{"name":"wp","href":"https:\/\/api.w.org\/{rel}","templated":true}]}}