{"id":21701,"date":"2016-11-30T10:06:05","date_gmt":"2016-11-30T12:06:05","guid":{"rendered":"http:\/\/www.sincomam.org.br\/?p=21701"},"modified":"2016-11-30T10:06:05","modified_gmt":"2016-11-30T12:06:05","slug":"sob-protestos-senado-aprova-com-folga-texto-da-pec-dos-gastos","status":"publish","type":"post","link":"https:\/\/www.sincomam.org.br\/index.php\/sob-protestos-senado-aprova-com-folga-texto-da-pec-dos-gastos\/","title":{"rendered":"Sob protestos, Senado aprova com folga texto da PEC dos gastos"},"content":{"rendered":"<p>O Senado<strong><a href=\"http:\/\/exame.abril.com.br\/senado\">\u00a0<\/a><\/strong>aprovou nesta ter\u00e7a-feira o texto-base da Proposta de Emenda \u00e0 Constitui\u00e7\u00e3o (PEC) que limita o crescimento dos gastos p\u00fablicos por 20 anos, pelo placar de 61 votos a favor e 14 contra.<\/p>\n<div id=\"intext-62356\">Os senadores ainda precisam analisar os destaques \u00e0 proposta.<\/div>\n<p>Considerada crucial pelo governo do presidente Michel Temer para reverter a trajet\u00f3ria de deteriora\u00e7\u00e3o das contas p\u00fablicas, a PEC foi chancelada em dois turnos na C\u00e2mara dos Deputados e precisa passar por tr\u00e2mite semelhante no Senado, com o aval de pelo menos 49 dos 81 senadores.<\/p>\n<p>A vota\u00e7\u00e3o em segundo turno na Casa deve ocorrer entre os dias 12 e 13 de dezembro.<\/p>\n","protected":false},"excerpt":{"rendered":"<p>O Senado\u00a0aprovou nesta ter\u00e7a-feira o texto-base da Proposta de Emenda \u00e0 Constitui\u00e7\u00e3o (PEC) que limita o crescimento dos gastos p\u00fablicos por 20 anos, pelo placar&#8230;<\/p>\n","protected":false},"author":1182,"featured_media":18331,"comment_status":"closed","ping_status":"closed","sticky":false,"template":"","format":"standard","meta":{"footnotes":""},"categories":[6],"tags":[],"class_list":["post-21701","post","type-post","status-publish","format-standard","has-post-thumbnail","hentry","category-noticias"],"_links":{"self":[{"href":"https:\/\/www.sincomam.org.br\/index.php\/wp-json\/wp\/v2\/posts\/21701","targetHints":{"allow":["GET"]}}],"collection":[{"href":"https:\/\/www.sincomam.org.br\/index.php\/wp-json\/wp\/v2\/posts"}],"about":[{"href":"https:\/\/www.sincomam.org.br\/index.php\/wp-json\/wp\/v2\/types\/post"}],"author":[{"embeddable":true,"href":"https:\/\/www.sincomam.org.br\/index.php\/wp-json\/wp\/v2\/users\/1182"}],"replies":[{"embeddable":true,"href":"https:\/\/www.sincomam.org.br\/index.php\/wp-json\/wp\/v2\/comments?post=21701"}],"version-history":[{"count":1,"href":"https:\/\/www.sincomam.org.br\/index.php\/wp-json\/wp\/v2\/posts\/21701\/revisions"}],"predecessor-version":[{"id":21702,"href":"https:\/\/www.sincomam.org.br\/index.php\/wp-json\/wp\/v2\/posts\/21701\/revisions\/21702"}],"wp:featuredmedia":[{"embeddable":true,"href":"https:\/\/www.sincomam.org.br\/index.php\/wp-json\/wp\/v2\/media\/18331"}],"wp:attachment":[{"href":"https:\/\/www.sincomam.org.br\/index.php\/wp-json\/wp\/v2\/media?parent=21701"}],"wp:term":[{"taxonomy":"category","embeddable":true,"href":"https:\/\/www.sincomam.org.br\/index.php\/wp-json\/wp\/v2\/categories?post=21701"},{"taxonomy":"post_tag","embeddable":true,"href":"https:\/\/www.sincomam.org.br\/index.php\/wp-json\/wp\/v2\/tags?post=21701"}],"curies":[{"name":"wp","href":"https:\/\/api.w.org\/{rel}","templated":true}]}}