{"id":21690,"date":"2016-11-29T10:11:14","date_gmt":"2016-11-29T12:11:14","guid":{"rendered":"http:\/\/www.sincomam.org.br\/?p=21690"},"modified":"2016-11-29T10:11:14","modified_gmt":"2016-11-29T12:11:14","slug":"antaq-realizara-leilao-de-areas-de-santarem-no-dia-23-de-marco","status":"publish","type":"post","link":"https:\/\/www.sincomam.org.br\/index.php\/antaq-realizara-leilao-de-areas-de-santarem-no-dia-23-de-marco\/","title":{"rendered":"ANTAQ realizar\u00e1 leil\u00e3o de \u00e1reas de Santar\u00e9m no dia 23 de mar\u00e7o"},"content":{"rendered":"<p>A ANTAQ realizar\u00e1 em 23 de mar\u00e7o de 2017, na BM&amp;F BOVESPA, em S\u00e3o Paulo, os leil\u00f5es (07 e 08\/2016) para arrendamento de duas \u00e1reas (STM 04 e STM 05) e infraestruturas p\u00fablicas para movimenta\u00e7\u00e3o e armazenagem de gran\u00e9is l\u00edquidos, localizadas dentro do Porto Organizado de Santar\u00e9m, no Par\u00e1. Os avisos de licita\u00e7\u00e3o podem ser conferidos no Di\u00e1rio Oficial da Uni\u00e3o desta ter\u00e7a-feira (29).<\/p>\n<p>Os editais e seus anexos poder\u00e3o ser obtidos a partir do dia 29 de novembro nos endere\u00e7os eletr\u00f4nicos da ANTAQ (www.antaq.gov.br) e do Minist\u00e9rio dos Transportes, Portos e Avia\u00e7\u00e3o Civil \u2013 MTPAC (www.transportes.gov.br), ou na sede da Ag\u00eancia em Bras\u00edlia\/DF, no SEPN Quadra 514, Conjunto &#8220;E&#8221;, Edif\u00edcio ANTAQ, na Asa Norte. Os requisitos e demais condi\u00e7\u00f5es de participa\u00e7\u00e3o est\u00e3o definidos no editais dos leil\u00f5es e seus anexos.<\/p>\n<p>Para as \u00e1reas STM 04 e STM 05, os investimentos somam R$ 29,9 milh\u00f5es e v\u00e3o beneficiar a amplia\u00e7\u00e3o dos tanques de armazenamento (de gasolina, diesel e etanol) e atendimento a requisitos, entre eles o de seguran\u00e7a e o de presta\u00e7\u00e3o de servi\u00e7o adequado. O leil\u00e3o vai proporcionar a gera\u00e7\u00e3o de 162 empregos diretos e 879 indiretos. Os terminais s\u00e3o de extrema relev\u00e2ncia para a distribui\u00e7\u00e3o de combust\u00edveis para a regi\u00e3o norte do Pa\u00eds.<\/p>\n<p>O diretor-geral da ANTAQ, Adalberto Tokarski, destacou que \u201cos avisos de licita\u00e7\u00e3o publicados no final de novembro e o leil\u00e3o acontecendo apenas em mar\u00e7o contribuir\u00e1 para que os investidores analisem detalhadamente os editais e seus anexos, seguindo um padr\u00e3o de, no m\u00ednimo 100 dias, que o Programa de Parcerias de Investimentos (PPI) sugeriu. Esse padr\u00e3o trar\u00e1 transpar\u00eancia e seguran\u00e7a jur\u00eddica para o setor privado e para os leil\u00f5es, que s\u00e3o fundamentais para o desenvolvimento do setor portu\u00e1rio e para a log\u00edstica nacional\u201d.<\/p>\n<p>A seguir, algumas informa\u00e7\u00f5es sobre os arrendamentos:<br \/>STM 04<br \/>Prazo: 25 anos<br \/>Valor do contrato: R$ 82,38 milh\u00f5es<br \/>Investimentos: R$ 18,9 milh\u00f5es<br \/>\u00c1rea: 28.827 m\u00b2<br \/>Demanda de carga m\u00e9dia: 59,1 mil t\/ano<br \/>Tanques: 8<\/p>\n<p>STM 05<br \/>Prazo: 25 anos<br \/>Valor do contrato: R$ 199,41 milh\u00f5es<br \/>Investimentos: R$ 11,0 milh\u00f5es<br \/>\u00c1rea: 35.097 m\u00b2<br \/>Demanda de carga m\u00e9dia: 143,0 mil t\/ano<br \/>Tanques: 8<\/p>\n<p>Fonte: Antaq<\/p>\n<div><\/div>\n<div class=\"jwDisqusForm\"><\/div>\n","protected":false},"excerpt":{"rendered":"<p>A ANTAQ realizar\u00e1 em 23 de mar\u00e7o de 2017, na BM&amp;F BOVESPA, em S\u00e3o Paulo, os leil\u00f5es (07 e 08\/2016) para arrendamento de duas \u00e1reas&#8230;<\/p>\n","protected":false},"author":1182,"featured_media":18199,"comment_status":"closed","ping_status":"closed","sticky":false,"template":"","format":"standard","meta":{"footnotes":""},"categories":[6],"tags":[],"class_list":["post-21690","post","type-post","status-publish","format-standard","has-post-thumbnail","hentry","category-noticias"],"_links":{"self":[{"href":"https:\/\/www.sincomam.org.br\/index.php\/wp-json\/wp\/v2\/posts\/21690","targetHints":{"allow":["GET"]}}],"collection":[{"href":"https:\/\/www.sincomam.org.br\/index.php\/wp-json\/wp\/v2\/posts"}],"about":[{"href":"https:\/\/www.sincomam.org.br\/index.php\/wp-json\/wp\/v2\/types\/post"}],"author":[{"embeddable":true,"href":"https:\/\/www.sincomam.org.br\/index.php\/wp-json\/wp\/v2\/users\/1182"}],"replies":[{"embeddable":true,"href":"https:\/\/www.sincomam.org.br\/index.php\/wp-json\/wp\/v2\/comments?post=21690"}],"version-history":[{"count":1,"href":"https:\/\/www.sincomam.org.br\/index.php\/wp-json\/wp\/v2\/posts\/21690\/revisions"}],"predecessor-version":[{"id":21691,"href":"https:\/\/www.sincomam.org.br\/index.php\/wp-json\/wp\/v2\/posts\/21690\/revisions\/21691"}],"wp:featuredmedia":[{"embeddable":true,"href":"https:\/\/www.sincomam.org.br\/index.php\/wp-json\/wp\/v2\/media\/18199"}],"wp:attachment":[{"href":"https:\/\/www.sincomam.org.br\/index.php\/wp-json\/wp\/v2\/media?parent=21690"}],"wp:term":[{"taxonomy":"category","embeddable":true,"href":"https:\/\/www.sincomam.org.br\/index.php\/wp-json\/wp\/v2\/categories?post=21690"},{"taxonomy":"post_tag","embeddable":true,"href":"https:\/\/www.sincomam.org.br\/index.php\/wp-json\/wp\/v2\/tags?post=21690"}],"curies":[{"name":"wp","href":"https:\/\/api.w.org\/{rel}","templated":true}]}}