{"id":21684,"date":"2016-11-29T10:05:17","date_gmt":"2016-11-29T12:05:17","guid":{"rendered":"http:\/\/www.sincomam.org.br\/?p=21684"},"modified":"2016-11-29T10:05:17","modified_gmt":"2016-11-29T12:05:17","slug":"porto-de-santos-tera-novo-simulado-de-incendio-nesta-terca-feira","status":"publish","type":"post","link":"https:\/\/www.sincomam.org.br\/index.php\/porto-de-santos-tera-novo-simulado-de-incendio-nesta-terca-feira\/","title":{"rendered":"Porto de Santos ter\u00e1 novo simulado de inc\u00eandio nesta ter\u00e7a-feira"},"content":{"rendered":"<p>O Porto de Santos ser\u00e1 o cen\u00e1rio de mais um simulado de inc\u00eandio na manh\u00e3 desta ter\u00e7a-feira (29). Desta vez, o exerc\u00edcio vai acontecer no Terminal XXXIX (39 externo), operado pela Caramuru, no Corredor de Exporta\u00e7\u00e3o, que fica na Ponta da Praia.<\/p>\n<p>A iniciativa surgiu atrav\u00e9s do Plano de Aux\u00edlio M\u00fatuo (PAM) do Porto de Santos, coordenado pela Companhia Docas do Estado de S\u00e3o Paulo (Codesp, a Autoridade Portu\u00e1ria) e que re\u00fane terminais, as prefeituras da regi\u00e3o, o Corpo de Bombeiros e \u00f3rg\u00e3os ambientais. Ele \u00e9 acionado para o atendimento conjunto a ocorr\u00eancias de emerg\u00eancia no complexo mar\u00edtimo e em \u00e1reas adjacentes que possam causar danos a pessoas, ao patrim\u00f4nio e meio ambiente.<\/p>\n<p>De acordo com a organiza\u00e7\u00e3o do simulado, por volta das 9 horas, um trabalhador portu\u00e1rio ser\u00e1 o respons\u00e1vel pelo in\u00edcio do exerc\u00edcio, relatando um inc\u00eandio em uma das esteiras transportadoras de gr\u00e3os que operam na regi\u00e3o. O equipamento fica a uma altura de 40 metros. Em mais de um epis\u00f3dio, esse tipo de esteira, feito de borracha, foi o local onde come\u00e7aram inc\u00eandios que afetaram terminais graneleiros agr\u00edcolas na regi\u00e3o nos \u00faltimos anos.<\/p>\n<p>Em seguida, o trabalhador, que ser\u00e1 interpretado por um boneco, ter\u00e1 um mal s\u00fabito e precisar\u00e1 ser removido pelas equipes de resgate. O exerc\u00edcio tamb\u00e9m vai simular a evacua\u00e7\u00e3o da instala\u00e7\u00e3o portu\u00e1ria e ainda de terminais vizinhos.<\/p>\n<p>Al\u00e9m das instala\u00e7\u00f5es de gr\u00e3os, a regi\u00e3o da Ponta da Praia conta com terminais especializados na movimenta\u00e7\u00e3o de cont\u00eaineres e carga geral \u2013 o T-33, T-35 e T-37 do Grupo Libra. Al\u00e9m disso, fica ao lado de um bairro residencial, com grande tr\u00e2nsito de moradores.<\/p>\n<p>O simulado vai contar com os equipamentos que ser\u00e3o usados no caso de um novo inc\u00eandio durante opera\u00e7\u00f5es no cais santista. O exerc\u00edcio servir\u00e1 para preparar e treinar as equipes do Porto para as situa\u00e7\u00f5es de emerg\u00eancia.<\/p>\n<p>H\u00e1 dois meses, um treinamento deste tipo aconteceu no p\u00e1tio do Terminal de Cont\u00eaineres (Tecon), na Margem Esquerda do complexo, em Guaruj\u00e1. No epis\u00f3dio, foi simulado um vazamento de produto t\u00f3xico com princ\u00edpio de inc\u00eandio em cont\u00eaineres, seguido de explos\u00e3o.<\/p>\n<p>Equipes do Corpo de Bombeiros de tr\u00eas cidades da regi\u00e3o, da Codesp, de \u00f3rg\u00e3os ambientais e da pr\u00f3pria instala\u00e7\u00e3o, administrada pela Santos Brasil, participaram do exerc\u00edcio, que tamb\u00e9m contou com o apoio da embarca\u00e7\u00e3o de combate a inc\u00eandio Governador Fleury. A a\u00e7\u00e3o contou com o envolvimento de 20 \u00f3rg\u00e3os.<\/p>\n<p>Fonte: Tribuna online<\/p>\n","protected":false},"excerpt":{"rendered":"<p>O Porto de Santos ser\u00e1 o cen\u00e1rio de mais um simulado de inc\u00eandio na manh\u00e3 desta ter\u00e7a-feira (29). Desta vez, o exerc\u00edcio vai acontecer no&#8230;<\/p>\n","protected":false},"author":1182,"featured_media":19106,"comment_status":"closed","ping_status":"closed","sticky":false,"template":"","format":"standard","meta":{"footnotes":""},"categories":[6],"tags":[],"class_list":["post-21684","post","type-post","status-publish","format-standard","has-post-thumbnail","hentry","category-noticias"],"_links":{"self":[{"href":"https:\/\/www.sincomam.org.br\/index.php\/wp-json\/wp\/v2\/posts\/21684","targetHints":{"allow":["GET"]}}],"collection":[{"href":"https:\/\/www.sincomam.org.br\/index.php\/wp-json\/wp\/v2\/posts"}],"about":[{"href":"https:\/\/www.sincomam.org.br\/index.php\/wp-json\/wp\/v2\/types\/post"}],"author":[{"embeddable":true,"href":"https:\/\/www.sincomam.org.br\/index.php\/wp-json\/wp\/v2\/users\/1182"}],"replies":[{"embeddable":true,"href":"https:\/\/www.sincomam.org.br\/index.php\/wp-json\/wp\/v2\/comments?post=21684"}],"version-history":[{"count":1,"href":"https:\/\/www.sincomam.org.br\/index.php\/wp-json\/wp\/v2\/posts\/21684\/revisions"}],"predecessor-version":[{"id":21685,"href":"https:\/\/www.sincomam.org.br\/index.php\/wp-json\/wp\/v2\/posts\/21684\/revisions\/21685"}],"wp:featuredmedia":[{"embeddable":true,"href":"https:\/\/www.sincomam.org.br\/index.php\/wp-json\/wp\/v2\/media\/19106"}],"wp:attachment":[{"href":"https:\/\/www.sincomam.org.br\/index.php\/wp-json\/wp\/v2\/media?parent=21684"}],"wp:term":[{"taxonomy":"category","embeddable":true,"href":"https:\/\/www.sincomam.org.br\/index.php\/wp-json\/wp\/v2\/categories?post=21684"},{"taxonomy":"post_tag","embeddable":true,"href":"https:\/\/www.sincomam.org.br\/index.php\/wp-json\/wp\/v2\/tags?post=21684"}],"curies":[{"name":"wp","href":"https:\/\/api.w.org\/{rel}","templated":true}]}}