{"id":21678,"date":"2016-11-27T15:42:24","date_gmt":"2016-11-27T17:42:24","guid":{"rendered":"http:\/\/www.sincomam.org.br\/?p=21678"},"modified":"2016-11-29T10:14:55","modified_gmt":"2016-11-29T12:14:55","slug":"comite-de-logistica-do-porto-de-santos-vai-debater-patios-e-obras-viarias","status":"publish","type":"post","link":"https:\/\/www.sincomam.org.br\/index.php\/comite-de-logistica-do-porto-de-santos-vai-debater-patios-e-obras-viarias\/","title":{"rendered":"Comit\u00ea de Log\u00edstica do Porto de Santos vai debater p\u00e1tios e obras vi\u00e1rias"},"content":{"rendered":"<p>O Comit\u00ea de Log\u00edstica do Porto de Santos definiu ontem os temas priorit\u00e1rios que dever\u00e1 debater. Foram apontadas quest\u00f5es como a implanta\u00e7\u00e3o de p\u00e1tios, a necessidade de investimentos no sistema vi\u00e1rio do Porto e a os acessos rodovi\u00e1rios \u00e0 regi\u00e3o.<\/p>\n<p>Esses assuntos come\u00e7ar\u00e3o a ser discutidos na pr\u00f3xima reuni\u00e3o do colegiado, no dia 29 deste m\u00eas, \u00e0s 14h30, na sede da Companhia Docas do Estado de S\u00e3o Paulo (Codesp). O \u00f3rg\u00e3o, organizado pela Autoridade Portu\u00e1ria, re\u00fane empresas e autoridades do complexo mar\u00edtimo.<\/p>\n<p>A pauta do comit\u00ea foi decidida em reuni\u00e3o na manh\u00e3 de ontem. Participaram entidades do setor portu\u00e1rio, prefeituras da regi\u00e3o, a Ecovias (concession\u00e1ria do Sistema Anchieta-Imigrantes) e a Pol\u00edcia Rodovi\u00e1ria.<\/p>\n<p>Em rela\u00e7\u00e3o ao sistema vi\u00e1rio do Porto e aos acessos ao complexo, foram citadas a continua\u00e7\u00e3o das obras das avenidas perimetrais de Santos e Guaruj\u00e1 e a regulariza\u00e7\u00e3o do tr\u00e1fego na Avenida Pl\u00ednio de Queiroz, em Cubat\u00e3o.<\/p>\n<p>Segundo o coordenador do Comit\u00ea de Log\u00edstica, o superintendente de Opera\u00e7\u00f5es Portu\u00e1rias da Codesp, Osvaldo Freitas Vale Barbosa, foi enviado convite ao Minist\u00e9rio dos Transportes, Portos e Avia\u00e7\u00e3o Civil para que indique um representante para tratar de quest\u00f5es relacionadas aos projetos log\u00edsticos, como o Portolog, no comit\u00ea. O Portolog \u00e9 o sistema em implanta\u00e7\u00e3o no complexo mar\u00edtimo com o objetivo de monitorar a vinda de caminh\u00f5es carregados das \u00e1reas produtoras do Centro-Oeste at\u00e9 a zona do cais.<\/p>\n<p>De acordo com a assessoria da Companhia Docas, as reuni\u00f5es do Comit\u00ea, que foram restabelecidas no \u00faltimo dia 8, ser\u00e3o realizadas quinzenalmente.<\/p>\n<p>Fonte: Tribuna online<\/p>\n","protected":false},"excerpt":{"rendered":"<p>O Comit\u00ea de Log\u00edstica do Porto de Santos definiu ontem os temas priorit\u00e1rios que dever\u00e1 debater. Foram apontadas quest\u00f5es como a implanta\u00e7\u00e3o de p\u00e1tios, a&#8230;<\/p>\n","protected":false},"author":1182,"featured_media":19822,"comment_status":"closed","ping_status":"closed","sticky":false,"template":"","format":"standard","meta":{"footnotes":""},"categories":[6],"tags":[],"class_list":["post-21678","post","type-post","status-publish","format-standard","has-post-thumbnail","hentry","category-noticias"],"_links":{"self":[{"href":"https:\/\/www.sincomam.org.br\/index.php\/wp-json\/wp\/v2\/posts\/21678","targetHints":{"allow":["GET"]}}],"collection":[{"href":"https:\/\/www.sincomam.org.br\/index.php\/wp-json\/wp\/v2\/posts"}],"about":[{"href":"https:\/\/www.sincomam.org.br\/index.php\/wp-json\/wp\/v2\/types\/post"}],"author":[{"embeddable":true,"href":"https:\/\/www.sincomam.org.br\/index.php\/wp-json\/wp\/v2\/users\/1182"}],"replies":[{"embeddable":true,"href":"https:\/\/www.sincomam.org.br\/index.php\/wp-json\/wp\/v2\/comments?post=21678"}],"version-history":[{"count":1,"href":"https:\/\/www.sincomam.org.br\/index.php\/wp-json\/wp\/v2\/posts\/21678\/revisions"}],"predecessor-version":[{"id":21679,"href":"https:\/\/www.sincomam.org.br\/index.php\/wp-json\/wp\/v2\/posts\/21678\/revisions\/21679"}],"wp:featuredmedia":[{"embeddable":true,"href":"https:\/\/www.sincomam.org.br\/index.php\/wp-json\/wp\/v2\/media\/19822"}],"wp:attachment":[{"href":"https:\/\/www.sincomam.org.br\/index.php\/wp-json\/wp\/v2\/media?parent=21678"}],"wp:term":[{"taxonomy":"category","embeddable":true,"href":"https:\/\/www.sincomam.org.br\/index.php\/wp-json\/wp\/v2\/categories?post=21678"},{"taxonomy":"post_tag","embeddable":true,"href":"https:\/\/www.sincomam.org.br\/index.php\/wp-json\/wp\/v2\/tags?post=21678"}],"curies":[{"name":"wp","href":"https:\/\/api.w.org\/{rel}","templated":true}]}}