{"id":21672,"date":"2016-11-28T15:03:07","date_gmt":"2016-11-28T17:03:07","guid":{"rendered":"http:\/\/www.sincomam.org.br\/?p=21672"},"modified":"2016-11-28T15:22:59","modified_gmt":"2016-11-28T17:22:59","slug":"licitacao-de-portos-no-para-abre-nesta-2a-feira","status":"publish","type":"post","link":"https:\/\/www.sincomam.org.br\/index.php\/licitacao-de-portos-no-para-abre-nesta-2a-feira\/","title":{"rendered":"Licita\u00e7\u00e3o de portos no Par\u00e1 abre nesta 2\u00aa-feira"},"content":{"rendered":"<p>Os editais de licita\u00e7\u00e3o dos terminais portu\u00e1rios em Santar\u00e9m, no Par\u00e1, ser\u00e3o publicados hoje, segunda-feira(28) informou na \u00faltima quinta-feira, 24, diretor-geral da Ag\u00eancia Nacional de Transportes Aquavi\u00e1rios (Antaq), Adalberto Tokarski.<\/p>\n<p>Os terminais STM04 e STM05 trabalham com movimenta\u00e7\u00e3o e armazenagem de gran\u00e9is l\u00edquidos de combust\u00edveis. Ambos constam da primeira etapa do Programa de Parcerias de Investimentos (PPI) do governo federal.<\/p>\n<p>Segundo Tokarski, a expectativa da Antaq \u00e9 que o edital do terceiro projeto da leva, o terminal de trigo do Rio de Janeiro, deixe o Tribunal de Contas da Uni\u00e3o (TCU) j\u00e1 na pr\u00f3xima semana, o que possibilitaria sua publica\u00e7\u00e3o ainda em 2016. &#8220;Tem grande chance, mas ainda n\u00e3o podemos garantir uma data&#8221;, disse ap\u00f3s palestra no Encontro Nacional de Com\u00e9rcio Exterior (Enaex) 2016.<\/p>\n<p>Para o diretor-geral, os tr\u00eas leil\u00f5es acima devem sair entre o primeiro e segundo trimestres de 2017. Recentemente o governo incluiu outros tr\u00eas terminais no PPI: um de madeira e celulose no Porto de Itaqui (MA); um de celulose e um de ve\u00edculos em Paranagu\u00e1 (PR). Outras 23 \u00e1reas ter\u00e3o seus estudos de viabilidade atualizados pelo Minist\u00e9rio dos Transportes antes de entrar em audi\u00eancia p\u00fablica.<\/p>\n<p>Tokarski revelou ainda que est\u00e1 em estudo uma licita\u00e7\u00e3o simplificada para uma centena de \u00e1reas menores dentro dos portos p\u00fablicos.<\/p>\n<p>A ideia seria diminuir o prazo de concess\u00e3o (hoje s\u00e3o 25 anos prorrog\u00e1veis por mais 25), entre outras coisas. Ele citou a \u00e1rea da antiga Valesul no Porto de Itagua\u00ed (RJ) parada h\u00e1 dois anos, gerando gastos com manuten\u00e7\u00e3o. O levantamento das \u00e1reas foi encomendado.\u00a0<\/p>\n<p>Fonte: Estad\u00e3o<\/p>\n","protected":false},"excerpt":{"rendered":"<p>Os editais de licita\u00e7\u00e3o dos terminais portu\u00e1rios em Santar\u00e9m, no Par\u00e1, ser\u00e3o publicados hoje, segunda-feira(28) informou na \u00faltima quinta-feira, 24, diretor-geral da Ag\u00eancia Nacional de&#8230;<\/p>\n","protected":false},"author":1182,"featured_media":17796,"comment_status":"closed","ping_status":"closed","sticky":false,"template":"","format":"standard","meta":{"footnotes":""},"categories":[6],"tags":[],"class_list":["post-21672","post","type-post","status-publish","format-standard","has-post-thumbnail","hentry","category-noticias"],"_links":{"self":[{"href":"https:\/\/www.sincomam.org.br\/index.php\/wp-json\/wp\/v2\/posts\/21672","targetHints":{"allow":["GET"]}}],"collection":[{"href":"https:\/\/www.sincomam.org.br\/index.php\/wp-json\/wp\/v2\/posts"}],"about":[{"href":"https:\/\/www.sincomam.org.br\/index.php\/wp-json\/wp\/v2\/types\/post"}],"author":[{"embeddable":true,"href":"https:\/\/www.sincomam.org.br\/index.php\/wp-json\/wp\/v2\/users\/1182"}],"replies":[{"embeddable":true,"href":"https:\/\/www.sincomam.org.br\/index.php\/wp-json\/wp\/v2\/comments?post=21672"}],"version-history":[{"count":1,"href":"https:\/\/www.sincomam.org.br\/index.php\/wp-json\/wp\/v2\/posts\/21672\/revisions"}],"predecessor-version":[{"id":21673,"href":"https:\/\/www.sincomam.org.br\/index.php\/wp-json\/wp\/v2\/posts\/21672\/revisions\/21673"}],"wp:featuredmedia":[{"embeddable":true,"href":"https:\/\/www.sincomam.org.br\/index.php\/wp-json\/wp\/v2\/media\/17796"}],"wp:attachment":[{"href":"https:\/\/www.sincomam.org.br\/index.php\/wp-json\/wp\/v2\/media?parent=21672"}],"wp:term":[{"taxonomy":"category","embeddable":true,"href":"https:\/\/www.sincomam.org.br\/index.php\/wp-json\/wp\/v2\/categories?post=21672"},{"taxonomy":"post_tag","embeddable":true,"href":"https:\/\/www.sincomam.org.br\/index.php\/wp-json\/wp\/v2\/tags?post=21672"}],"curies":[{"name":"wp","href":"https:\/\/api.w.org\/{rel}","templated":true}]}}