{"id":21664,"date":"2016-11-28T13:54:19","date_gmt":"2016-11-28T15:54:19","guid":{"rendered":"http:\/\/www.sincomam.org.br\/?p=21664"},"modified":"2016-11-28T15:23:26","modified_gmt":"2016-11-28T17:23:26","slug":"operacoes-vao-crescer-em-2017-diz-consultor-portuario","status":"publish","type":"post","link":"https:\/\/www.sincomam.org.br\/index.php\/operacoes-vao-crescer-em-2017-diz-consultor-portuario\/","title":{"rendered":"Opera\u00e7\u00f5es v\u00e3o crescer em 2017, diz consultor portu\u00e1rio"},"content":{"rendered":"<p>As expectativas para a movimenta\u00e7\u00e3o de cargas no Porto de Santos em 2017 s\u00e3o de crescimento. Mas os \u00edndices s\u00e3o discretos. Para o consultor portu\u00e1rio Fabrizio Pierdomenico, a previs\u00e3o \u00e9 de 2% de aumento nas opera\u00e7\u00f5es do cais santista. J\u00e1 as proje\u00e7\u00f5es do diretor-presidente da Companhia Docas do Estado de S\u00e3o Paulo (Codesp), Alex Oliva, apontam para um incremento de 3,5%.<\/p>\n<p>Neste ano, a Autoridade Portu\u00e1ria estima que 114 milh\u00f5es de toneladas devem passar pelo Porto de Santos, entre embarques e desembarques. Esta previs\u00e3o leva em considera\u00e7\u00e3o a movimenta\u00e7\u00e3o de cargas realizada entre janeiro e setembro e ainda as proje\u00e7\u00f5es para o \u00faltimo trimestre. Na compara\u00e7\u00e3o com as opera\u00e7\u00f5es realizadas no ano passado, o volume tende a ser 4,9% menor.<\/p>\n<p>Para o pr\u00f3ximo ano, Pierdom\u00eanico aposta em uma proje\u00e7\u00e3o mais conservadora, levando em considera\u00e7\u00e3o o cen\u00e1rio econ\u00f4mico do Pa\u00eds. Neste caso, ele aponta o crescimento de 2,5% nas opera\u00e7\u00f5es com gran\u00e9is s\u00f3lidos, enquanto a carga geral deve cresce crescer 1,6% e o transporte de l\u00edquidos, 0,8%. \u201c2017 ser\u00e1 um bom ano. Melhor do que 2016. Mas a alta projetada do PIB (Produto Interno Bruto) \u00e9 pouco para uma economia como a nossa\u201d, destacou o consultor portu\u00e1rio.<\/p>\n<p>Por outro lado, Oliva segue otimista e espera um melhor desempenho das opera\u00e7\u00f5es. \u201cEu estou trabalhando com 3,5% de crescimento para 2017. Vamos ver quem ganha. Fa\u00e7o votos que seja eu\u201d, afirmou. Pela expectativa do executivo, a movimenta\u00e7\u00e3o de cargas no cais santista deve atingir 117,9 milh\u00f5es de toneladas no ano que vem.<\/p>\n<p>O diretor-presidente da Codesp leva em conta os sucessivos recordes de movimenta\u00e7\u00e3o de cargas registrados nos seus \u00faltimos 11 meses de gest\u00e3o. Al\u00e9m disso, ele aponta \u201co potencial e a capacidade\u201d que o complexo santista tem de vencer dificuldades, diante de todos os problemas que foram enfrentados em 2016<\/p>\n<p>Fonte: Tribuna<\/p>\n","protected":false},"excerpt":{"rendered":"<p>As expectativas para a movimenta\u00e7\u00e3o de cargas no Porto de Santos em 2017 s\u00e3o de crescimento. Mas os \u00edndices s\u00e3o discretos. Para o consultor portu\u00e1rio&#8230;<\/p>\n","protected":false},"author":1182,"featured_media":18517,"comment_status":"closed","ping_status":"closed","sticky":false,"template":"","format":"standard","meta":{"footnotes":""},"categories":[6],"tags":[],"class_list":["post-21664","post","type-post","status-publish","format-standard","has-post-thumbnail","hentry","category-noticias"],"_links":{"self":[{"href":"https:\/\/www.sincomam.org.br\/index.php\/wp-json\/wp\/v2\/posts\/21664","targetHints":{"allow":["GET"]}}],"collection":[{"href":"https:\/\/www.sincomam.org.br\/index.php\/wp-json\/wp\/v2\/posts"}],"about":[{"href":"https:\/\/www.sincomam.org.br\/index.php\/wp-json\/wp\/v2\/types\/post"}],"author":[{"embeddable":true,"href":"https:\/\/www.sincomam.org.br\/index.php\/wp-json\/wp\/v2\/users\/1182"}],"replies":[{"embeddable":true,"href":"https:\/\/www.sincomam.org.br\/index.php\/wp-json\/wp\/v2\/comments?post=21664"}],"version-history":[{"count":1,"href":"https:\/\/www.sincomam.org.br\/index.php\/wp-json\/wp\/v2\/posts\/21664\/revisions"}],"predecessor-version":[{"id":21665,"href":"https:\/\/www.sincomam.org.br\/index.php\/wp-json\/wp\/v2\/posts\/21664\/revisions\/21665"}],"wp:featuredmedia":[{"embeddable":true,"href":"https:\/\/www.sincomam.org.br\/index.php\/wp-json\/wp\/v2\/media\/18517"}],"wp:attachment":[{"href":"https:\/\/www.sincomam.org.br\/index.php\/wp-json\/wp\/v2\/media?parent=21664"}],"wp:term":[{"taxonomy":"category","embeddable":true,"href":"https:\/\/www.sincomam.org.br\/index.php\/wp-json\/wp\/v2\/categories?post=21664"},{"taxonomy":"post_tag","embeddable":true,"href":"https:\/\/www.sincomam.org.br\/index.php\/wp-json\/wp\/v2\/tags?post=21664"}],"curies":[{"name":"wp","href":"https:\/\/api.w.org\/{rel}","templated":true}]}}