{"id":21558,"date":"2016-11-16T07:38:19","date_gmt":"2016-11-16T09:38:19","guid":{"rendered":"http:\/\/www.sincomam.org.br\/?p=21558"},"modified":"2016-11-16T07:38:19","modified_gmt":"2016-11-16T09:38:19","slug":"eventual-prisao-de-lula-traria-instabilidade-ao-pais-diz-temer","status":"publish","type":"post","link":"https:\/\/www.sincomam.org.br\/index.php\/eventual-prisao-de-lula-traria-instabilidade-ao-pais-diz-temer\/","title":{"rendered":"Eventual pris\u00e3o de Lula traria instabilidade ao pa\u00eds, diz Temer"},"content":{"rendered":"<p>O presidente da Rep\u00fablica, Michel Temer, disse, em entrevista ao programa Roda Viva, que uma condena\u00e7\u00e3o ou pris\u00e3o do ex-presidente Luiz In\u00e1cio Lula da Silva traria instabilidade ao pa\u00eds.<\/p>\n<p>\u201cSe voc\u00ea me perguntar \u2018se Lula for preso isso causa um problema para o governo?\u2019 Eu acho que causa. N\u00e3o para o governo, mas para o pa\u00eds. Porque haver\u00e1 evidentemente movimentos sociais. Toda vez que voc\u00ea tem um movimento social de contesta\u00e7\u00e3o, especialmente de uma decis\u00e3o do Judici\u00e1rio, isso pode criar uma instabilidade\u201d, disse Temer ao ser questionado sobre o tema pelo jornalista Ricardo Noblat.<\/p>\n<p>O presidente afirmou esperar que \u201cno plano presidencial\u201d, se existirem acusa\u00e7\u00f5es contra Lula, que essas sejam \u201cprocessadas com naturalidade\u201d, mas reconheceu que as rea\u00e7\u00f5es possivelmente desestabilizariam o pa\u00eds.<\/p>\n<p>\u201cEu at\u00e9 registro que muitas vezes, por mais que voc\u00ea fa\u00e7a, por mais que eu esteja descrevendo aqui a mudan\u00e7a que o governo est\u00e1 fazendo para preservar a integridade do pa\u00eds, da economia, das rela\u00e7\u00f5es sociais, surge uma noticiazinha qualquer, isso cria uma instabilidade no governo. Imagina a mera hip\u00f3tese de pris\u00e3o do Lula. \u00c9 um ex-presidente, foi presidente duas vezes, pode criar problemas n\u00e3o tenho d\u00favida disso\u201d, afirmou.<\/p>\n<p>A entrevista foi gravada na \u00faltima sexta-feira, no Pal\u00e1cio do Alvorada, e teve como entrevistadores diretores e colunistas dos maiores jornais do pa\u00eds.<\/p>\n<p>Na conversa, Temer mais uma vez negou que a opera\u00e7\u00e3o Lava Jato possa paralisar o pa\u00eds, assim como as prometidas dela\u00e7\u00f5es premiadas de executivos da empreiteira Odebrecht.<\/p>\n<p>\u201cA primeira coisa que eu sugiro \u00e9, vamos deixar a lava jato em paz?\u201d, disse, afirmando que as dela\u00e7\u00f5es precisam ser seguidas de investiga\u00e7\u00f5es, inqu\u00e9ritos, den\u00fancias, al\u00e9m de um longo processo judicial.<\/p>\n<p>\u201cEu acho que devemos deixar o judici\u00e1rio exercer seu papel juntamente com o Minist\u00e9rio P\u00fablico, mas n\u00e3o nos preocuparmos no governo com o que n\u00f3s devemos ou n\u00e3o fazer\u201d, disse Temer, alegando que se no final do processo acontecerem \u201cvariadas condena\u00e7\u00f5es\u201d, a\u00ed sim o governo teria de agir.<\/p>\n<p>Temer voltou a se defender da acusa\u00e7\u00e3o de ter recebido diretamente da empreiteira Andrade Gutierrez um cheque de um milh\u00e3o de reais para sua campanha \u00e0 vice-presid\u00eancia, em 2014, de recursos vindos de propina da Petrobras. O presidente alega que o cheque em nome da sua campanha veio do diret\u00f3rio nacional do PMDB.<\/p>\n<p>Na entrevista, Temer evitou responder se concordava ou n\u00e3o com projetos que hoje tramitam no Congresso e s\u00e3o vistos como tentativa de limitar o poder do Minist\u00e9rio P\u00fablico ou evitar a condena\u00e7\u00e3o de pol\u00edticos pegos pela Lava Jato. Entre elas, a proposta de abuso de autoridade, apresentada pelo presidente do Senado, Renan Calheiros, ou a tentativa de criminalizar o caixa dois a partir de agora, o que daria uma anistia aos crimes cometidos anteriormente.<\/p>\n<p>O presidente disse simplesmente que a decis\u00e3o de aprovar ou n\u00e3o essas medidas \u00e9 uma decis\u00e3o do Congresso. \u201cEu n\u00e3o posso interferir\u201d, afirmou. Temer, no entanto, defendeu a iniciativa de Renan Calheiros de fazer um pente-fino nos sal\u00e1rios do Judici\u00e1rio, muitos acima do teto. Afirmou que \u00e9 o \u201ccumprimento de um preceito constitucional\u201d.<\/p>\n<p>\u201cIsto n\u00e3o \u00e9 um confronto. Agora, numa an\u00e1lise muito fria, voc\u00ea relacionou muitos casos que podem ser analisados como \u2018olha, n\u00f3s tamb\u00e9m vamos agir\u2019 pode ser que haja isso. Mas isso n\u00e3o vai impedir o prosseguimento das a\u00e7\u00f5es penais, n\u00e3o \u00e9 por isso que a chamada Lava Jato vai ficar paralisada, pelo contr\u00e1rio, pode ser um elemento incentivador da Lava Jato\u201d, disse.<\/p>\n<h3>Reformas<\/h3>\n<p>Na entrevista, Temer voltou a defender as reformas que pretende ver passar pelo Congresso, especialmente a previdenci\u00e1ria e a trabalhista. Garantiu que a reforma da Previd\u00eancia \u00e9 para \u201cperdurar para sempre\u201d e para que em 20 anos n\u00e3o seja necess\u00e1rio perguntar novamente sobre a sobreviv\u00eancia do sistema.<\/p>\n<p>No entanto, ministros do seu governo \u2013especialmente o chefe da Casa Civil, Eliseu Padilha\u2013 afirmam que a proposta atual deve valer por cerca de 10 anos, quando ser\u00e1 necess\u00e1rio mexer novamente em temas como idade m\u00ednima.<\/p>\n<p>Temer ainda acrescentou uma nova reforma \u00e0s suas propostas, a tribut\u00e1ria, que o governo at\u00e9 agora tem evitado falar. \u201c\u00c9 preciso uma reformula\u00e7\u00e3o tribut\u00e1ria, quem sabe uma simplifica\u00e7\u00e3o tribut\u00e1ria\u201d, disse o presidente, acrescentando que \u201cgostaria muito\u201d de tratar desse tema depois de aprovadas as mudan\u00e7as previdenci\u00e1ria, trabalhista e pol\u00edtica.<\/p>\n<h3>Parlamentarismo<\/h3>\n<p>O presidente ainda afirmou que gostaria de ver inclu\u00edda na reforma pol\u00edtica uma proposta de mudan\u00e7a do regime brasileiro de presidencialista para parlamentarista. Mas, esclareceu, com um modelo completo aprovado pelo Congresso e que passasse por um referendo.<\/p>\n<p>\u201cEu estou convencido hoje que o parlamentarismo \u00e9 uma coisa \u00fatil para o pa\u00eds\u201d, defendeu. \u201cSou muito mais favor\u00e1vel a um referendo, n\u00e3o um plebiscito. O Congresso poderia produzir um projeto e submeter, se for o caso, a uma consulta popular\u201d.<\/p>\n<p>Fonte: Exame<\/p>\n","protected":false},"excerpt":{"rendered":"<p>O presidente da Rep\u00fablica, Michel Temer, disse, em entrevista ao programa Roda Viva, que uma condena\u00e7\u00e3o ou pris\u00e3o do ex-presidente Luiz In\u00e1cio Lula da Silva&#8230;<\/p>\n","protected":false},"author":1182,"featured_media":18410,"comment_status":"closed","ping_status":"closed","sticky":false,"template":"","format":"standard","meta":{"footnotes":""},"categories":[6],"tags":[],"class_list":["post-21558","post","type-post","status-publish","format-standard","has-post-thumbnail","hentry","category-noticias"],"_links":{"self":[{"href":"https:\/\/www.sincomam.org.br\/index.php\/wp-json\/wp\/v2\/posts\/21558","targetHints":{"allow":["GET"]}}],"collection":[{"href":"https:\/\/www.sincomam.org.br\/index.php\/wp-json\/wp\/v2\/posts"}],"about":[{"href":"https:\/\/www.sincomam.org.br\/index.php\/wp-json\/wp\/v2\/types\/post"}],"author":[{"embeddable":true,"href":"https:\/\/www.sincomam.org.br\/index.php\/wp-json\/wp\/v2\/users\/1182"}],"replies":[{"embeddable":true,"href":"https:\/\/www.sincomam.org.br\/index.php\/wp-json\/wp\/v2\/comments?post=21558"}],"version-history":[{"count":1,"href":"https:\/\/www.sincomam.org.br\/index.php\/wp-json\/wp\/v2\/posts\/21558\/revisions"}],"predecessor-version":[{"id":21559,"href":"https:\/\/www.sincomam.org.br\/index.php\/wp-json\/wp\/v2\/posts\/21558\/revisions\/21559"}],"wp:featuredmedia":[{"embeddable":true,"href":"https:\/\/www.sincomam.org.br\/index.php\/wp-json\/wp\/v2\/media\/18410"}],"wp:attachment":[{"href":"https:\/\/www.sincomam.org.br\/index.php\/wp-json\/wp\/v2\/media?parent=21558"}],"wp:term":[{"taxonomy":"category","embeddable":true,"href":"https:\/\/www.sincomam.org.br\/index.php\/wp-json\/wp\/v2\/categories?post=21558"},{"taxonomy":"post_tag","embeddable":true,"href":"https:\/\/www.sincomam.org.br\/index.php\/wp-json\/wp\/v2\/tags?post=21558"}],"curies":[{"name":"wp","href":"https:\/\/api.w.org\/{rel}","templated":true}]}}