{"id":21556,"date":"2016-11-16T07:37:01","date_gmt":"2016-11-16T09:37:01","guid":{"rendered":"http:\/\/www.sincomam.org.br\/?p=21556"},"modified":"2016-11-16T07:37:01","modified_gmt":"2016-11-16T09:37:01","slug":"temer-discute-sucessao-na-camara-em-encontro-com-maia","status":"publish","type":"post","link":"https:\/\/www.sincomam.org.br\/index.php\/temer-discute-sucessao-na-camara-em-encontro-com-maia\/","title":{"rendered":"Temer discute sucess\u00e3o na C\u00e2mara em encontro com Maia"},"content":{"rendered":"<p>Apesar de o discurso oficial do Planalto ser de que n\u00e3o vai interferir na sucess\u00e3o da C\u00e2mara dos Deputados, esse foi um dos temas do encontro de ontem entre o presidente Michel Temer\u00a0e o presidente da Casa, Rodrigo Maia (DEM-RJ).<\/p>\n<p>A perman\u00eancia de Maia no cargo seria a solu\u00e7\u00e3o que menos traria problemas ao governo, mas h\u00e1 pelo menos duas preocupa\u00e7\u00f5es com a antecipa\u00e7\u00e3o desse debate: possibilidade de questionamento jur\u00eddico \u00e0 reelei\u00e7\u00e3o dele, que poderia gerar uma instabilidade pol\u00edtica muito grande; e o temor de um grave racha na base no momento em que o Planalto vai precisar ter um s\u00f3lido apoio para aprovar medidas importantes para o governo, como a reforma da Previd\u00eancia.<\/p>\n<p>No governo, no entanto, h\u00e1 ministros que defendem a perman\u00eancia do atual presidente da C\u00e2mara no cargo. \u00c9 o caso de Moreira Franco, secret\u00e1rio do Programa de Parceria de Investimentos e sogro de Maia. Mas Temer evita dar sua opini\u00e3o publicamente sobre o tema, embora o Planalto reconhe\u00e7a que a sua perman\u00eancia seria o mais vantajoso para o governo, uma vez que ele tem se mostrado um parceiro na agenda de vota\u00e7\u00f5es na Casa.<\/p>\n<p><strong>Inseguran\u00e7a jur\u00eddica<\/strong><\/p>\n<p>O presidente, ali\u00e1s, pediu a seus ministros que dessem declara\u00e7\u00f5es ressaltando a n\u00e3o interfer\u00eancia do Planalto na sucess\u00e3o da C\u00e2mara, por considerar o assunto de outro Poder. Temer n\u00e3o vai apoiar nenhum candidato, como fez na elei\u00e7\u00e3o de Maia.<\/p>\n<p>O governo tem ressaltado o receio com a inseguran\u00e7a jur\u00eddica envolvendo essa quest\u00e3o, uma vez que Maia exerce um mandato-tamp\u00e3o e a reelei\u00e7\u00e3o do presidente da C\u00e2mara, segundo o regimento interno, s\u00f3 \u00e9 poss\u00edvel quando ocorre entre mandatos. Assim, pareceres que existem sobre o tema t\u00eam sido discutidos com integrantes do governo.<\/p>\n<p>Al\u00e9m da inseguran\u00e7a jur\u00eddica, outro ponto que pode gerar pol\u00eamica e ser outro foco de tens\u00e3o entre os partidos da base \u00e9 a forma\u00e7\u00e3o da chapa que iria disputar a Mesa Diretora da C\u00e2mara e as respectivas distribui\u00e7\u00f5es das presid\u00eancias em comiss\u00f5es. A amea\u00e7a de rebeli\u00e3o do Centr\u00e3o \u2013 grupo de 13 legendas liderado por PP, PSD e PTB \u2013 \u00e9 considerado um problema e a solu\u00e7\u00e3o seria a oferta de cargos para seus integrantes, situa\u00e7\u00e3o que provocaria uma divis\u00e3o do bloco.<\/p>\n<p>Al\u00e9m de Maia, s\u00e3o candidatos \u00e0 presid\u00eancia da C\u00e2mara em fevereiro de 2017 os deputados Rog\u00e9rio Rosso (PSD-DF), Antonio Imbassahy (PSDB-BA), Jovair Arantes (PTB-GO) e Beto Mansur (PRB-SP).<\/p>\n<p>Fonte: O Estado de SP<\/p>\n","protected":false},"excerpt":{"rendered":"<p>Apesar de o discurso oficial do Planalto ser de que n\u00e3o vai interferir na sucess\u00e3o da C\u00e2mara dos Deputados, esse foi um dos temas do&#8230;<\/p>\n","protected":false},"author":1182,"featured_media":19480,"comment_status":"closed","ping_status":"closed","sticky":false,"template":"","format":"standard","meta":{"footnotes":""},"categories":[6],"tags":[],"class_list":["post-21556","post","type-post","status-publish","format-standard","has-post-thumbnail","hentry","category-noticias"],"_links":{"self":[{"href":"https:\/\/www.sincomam.org.br\/index.php\/wp-json\/wp\/v2\/posts\/21556","targetHints":{"allow":["GET"]}}],"collection":[{"href":"https:\/\/www.sincomam.org.br\/index.php\/wp-json\/wp\/v2\/posts"}],"about":[{"href":"https:\/\/www.sincomam.org.br\/index.php\/wp-json\/wp\/v2\/types\/post"}],"author":[{"embeddable":true,"href":"https:\/\/www.sincomam.org.br\/index.php\/wp-json\/wp\/v2\/users\/1182"}],"replies":[{"embeddable":true,"href":"https:\/\/www.sincomam.org.br\/index.php\/wp-json\/wp\/v2\/comments?post=21556"}],"version-history":[{"count":1,"href":"https:\/\/www.sincomam.org.br\/index.php\/wp-json\/wp\/v2\/posts\/21556\/revisions"}],"predecessor-version":[{"id":21557,"href":"https:\/\/www.sincomam.org.br\/index.php\/wp-json\/wp\/v2\/posts\/21556\/revisions\/21557"}],"wp:featuredmedia":[{"embeddable":true,"href":"https:\/\/www.sincomam.org.br\/index.php\/wp-json\/wp\/v2\/media\/19480"}],"wp:attachment":[{"href":"https:\/\/www.sincomam.org.br\/index.php\/wp-json\/wp\/v2\/media?parent=21556"}],"wp:term":[{"taxonomy":"category","embeddable":true,"href":"https:\/\/www.sincomam.org.br\/index.php\/wp-json\/wp\/v2\/categories?post=21556"},{"taxonomy":"post_tag","embeddable":true,"href":"https:\/\/www.sincomam.org.br\/index.php\/wp-json\/wp\/v2\/tags?post=21556"}],"curies":[{"name":"wp","href":"https:\/\/api.w.org\/{rel}","templated":true}]}}