{"id":21539,"date":"2016-11-14T10:49:38","date_gmt":"2016-11-14T12:49:38","guid":{"rendered":"http:\/\/www.sincomam.org.br\/?p=21539"},"modified":"2016-11-14T10:49:38","modified_gmt":"2016-11-14T12:49:38","slug":"sob-protestos-temer-tem-6-meses-no-poder-com-agenda-impopular","status":"publish","type":"post","link":"https:\/\/www.sincomam.org.br\/index.php\/sob-protestos-temer-tem-6-meses-no-poder-com-agenda-impopular\/","title":{"rendered":"Sob protestos, Temer tem 6 meses no poder com agenda impopular"},"content":{"rendered":"<section class=\"article-content\">\n<p>O presidente\u00a0Michel Temer\u00a0(PMDB) completou seis meses \u00e0 frente do Pal\u00e1cio do Planalto no \u00faltimo s\u00e1bado (12) e promete seguir \u00e0 risca sua agenda econ\u00f4mica \u2013 que possui uma s\u00e9rie de medidas consideradas impopulares \u2013 mesmo diante de manifesta\u00e7\u00f5es espalhadas pelo pa\u00eds.<\/p>\n<p>A primeira grande aposta do governo peemedebista \u00e9 a aprova\u00e7\u00e3o da Proposta de Emenda Constitucional (PEC) do Teto\u00a0de gastos p\u00fablicos, que tem grandes possibilidade de ser aprovada no Senado, sem altera\u00e7\u00f5es, em dezembro.<\/p>\n<p>Auxiliares de Temer afirmaram que a rea\u00e7\u00e3o neutra do governo em rela\u00e7\u00e3o aos protestos tem uma explica\u00e7\u00e3o: antes mesmo de anunciar medidas, o presidente j\u00e1 sabia que elas seriam mal recebidas pela sociedade.<\/p>\n<p>\u201cA resposta do governo ser\u00e1 quando a economia estabilizar, a taxa de desemprego come\u00e7ar a diminuir. Antes disso, o sil\u00eancio deve prevalecer\u201d, disse um interlocutor de Temer.<\/p>\n<p>Ap\u00f3s aprovar a PEC do Teto, o peemedebista j\u00e1 pediu que os aliados emplaquem a reforma da Previd\u00eancia no Congresso. A medida, que tamb\u00e9m \u00e9 carregada de impopularidade, deve enfrentar mais resist\u00eancia da base governista.<\/p>\n<p>O governo, por\u00e9m, acredita que a medida \u00e9 essencial e complementar a PEC do Teto no projeto de Temer para estabelecer um f\u00f4lego para a retomada da economia brasileira.<\/p>\n<p>\u201cO ajuste fiscal deve ser dividido em duas partes. Se uma n\u00e3o estiver viva a outra n\u00e3o existe. A primeira etapa \u00e9 a fixa\u00e7\u00e3o do limite das despesas. A segunda \u00e9 a Reforma da Previd\u00eancia\u201d, afirmou Eliseu Padilha, ministro-chefe da Casa Civil.<\/p>\n<p>De acordo com Padilha, a ideia \u00e9 votar a reforma at\u00e9 o fim do primeiro semestre de 2017. Para o ministro, se a reforma da Previd\u00eancia n\u00e3o sair do papel nos pr\u00f3ximos meses, h\u00e1 o risco de o or\u00e7amento ser consumido pelo d\u00e9ficit da Previd\u00eancia.<\/p>\n<p>Sobre a reforma da Previd\u00eancia, Temer avalia que \u00e9 preciso colocar \u201co dedo nessa ferida\u201d e j\u00e1 alertou que, em 2016, o Brasil ter\u00e1 quase R$ 150 bilh\u00f5es de d\u00e9ficit da Previd\u00eancia Social.<\/p>\n<p>\u201cAprovado o teto de gastos, \u00e9 fundamental que se fa\u00e7a uma reforma previdenci\u00e1ria no pa\u00eds. E ningu\u00e9m est\u00e1 perseguindo aposentado. O que n\u00f3s queremos \u00e9 revelar que, se n\u00e3o tomarmos cuidado, em 2024 teremos d\u00edvida p\u00fablica equivalente a 100% do PIB\u201d, afirmou o presidente.<\/p>\n<p>Outro ponto impopular da agenda de Temer \u00e9 a proposta de reforma do Ensino M\u00e9dio, que foi apresentada pelo governo federal por meio de medida provis\u00f3ria no fim de setembro. Uma das mudan\u00e7as sugeridas pelo projeto \u00e9 a amplia\u00e7\u00e3o do n\u00famero de escolas em per\u00edodo integral, a possibilidade de o aluno eleger uma \u00e1rea de conhecimento para priorizar e a defini\u00e7\u00e3o de disciplinas optativas na grade curricular.<\/p>\n<p>Estudantes ocuparam escolas em todo o pa\u00eds para protestar contra a reforma do Ensino M\u00e9dio e a PEC que tem como objetivo limitar os gastos p\u00fablicos nos pr\u00f3ximos 20 anos.<\/p>\n<p>As ocupa\u00e7\u00f5es fizeram com que o Minist\u00e9rio da Educa\u00e7\u00e3o (MEC) decidisse adiar para dezembro a aplica\u00e7\u00e3o do Exame Nacional do Ensino M\u00e9dio (Enem) para mais de 270 mil alunos.<\/p>\n<p>Na semana passada, Temer n\u00e3o economizou nas cr\u00edticas \u00e0s ocupa\u00e7\u00f5es. \u201cHoje, ao inv\u00e9s do argumento moral, intelectual, verbal, usa-se o argumento f\u00edsico. Vai e ocupa n\u00e3o sei o qu\u00ea, bota pneu velho, queima, para o tr\u00e2nsito\u201d.<\/p>\n<p>Temendo repercuss\u00e3o negativa sobre a declara\u00e7\u00e3o, o presidente disse que estava se referindo a popula\u00e7\u00e3o em geral. \u201cVoc\u00ea sabe o que \u00e9 uma PEC? As pessoas n\u00e3o leem o texto. N\u00e3o estou dizendo os que ocupam ou n\u00e3o ocupam. Mas em geral\u201d.<\/p>\n<p>Em conversas reservadas, Temer tem sinalizado que n\u00e3o sucumbir\u00e1 \u00e0s press\u00f5es populares e que seguir\u00e1 com a agenda que adotou para estabelecer a retomada do pa\u00eds.<\/p>\n<p>Fonte: Exame<\/p>\n<\/section>\n<section class=\"article-tags\"><\/section>\n","protected":false},"excerpt":{"rendered":"<p>O presidente\u00a0Michel Temer\u00a0(PMDB) completou seis meses \u00e0 frente do Pal\u00e1cio do Planalto no \u00faltimo s\u00e1bado (12) e promete seguir \u00e0 risca sua agenda econ\u00f4mica \u2013&#8230;<\/p>\n","protected":false},"author":1182,"featured_media":19480,"comment_status":"closed","ping_status":"closed","sticky":false,"template":"","format":"standard","meta":{"footnotes":""},"categories":[6],"tags":[],"class_list":["post-21539","post","type-post","status-publish","format-standard","has-post-thumbnail","hentry","category-noticias"],"_links":{"self":[{"href":"https:\/\/www.sincomam.org.br\/index.php\/wp-json\/wp\/v2\/posts\/21539","targetHints":{"allow":["GET"]}}],"collection":[{"href":"https:\/\/www.sincomam.org.br\/index.php\/wp-json\/wp\/v2\/posts"}],"about":[{"href":"https:\/\/www.sincomam.org.br\/index.php\/wp-json\/wp\/v2\/types\/post"}],"author":[{"embeddable":true,"href":"https:\/\/www.sincomam.org.br\/index.php\/wp-json\/wp\/v2\/users\/1182"}],"replies":[{"embeddable":true,"href":"https:\/\/www.sincomam.org.br\/index.php\/wp-json\/wp\/v2\/comments?post=21539"}],"version-history":[{"count":1,"href":"https:\/\/www.sincomam.org.br\/index.php\/wp-json\/wp\/v2\/posts\/21539\/revisions"}],"predecessor-version":[{"id":21540,"href":"https:\/\/www.sincomam.org.br\/index.php\/wp-json\/wp\/v2\/posts\/21539\/revisions\/21540"}],"wp:featuredmedia":[{"embeddable":true,"href":"https:\/\/www.sincomam.org.br\/index.php\/wp-json\/wp\/v2\/media\/19480"}],"wp:attachment":[{"href":"https:\/\/www.sincomam.org.br\/index.php\/wp-json\/wp\/v2\/media?parent=21539"}],"wp:term":[{"taxonomy":"category","embeddable":true,"href":"https:\/\/www.sincomam.org.br\/index.php\/wp-json\/wp\/v2\/categories?post=21539"},{"taxonomy":"post_tag","embeddable":true,"href":"https:\/\/www.sincomam.org.br\/index.php\/wp-json\/wp\/v2\/tags?post=21539"}],"curies":[{"name":"wp","href":"https:\/\/api.w.org\/{rel}","templated":true}]}}