{"id":21528,"date":"2016-11-14T00:03:42","date_gmt":"2016-11-14T02:03:42","guid":{"rendered":"http:\/\/www.sincomam.org.br\/?p=21528"},"modified":"2016-11-14T10:53:08","modified_gmt":"2016-11-14T12:53:08","slug":"obras-de-dragagem-do-porto-de-santos-sao-iniciadas","status":"publish","type":"post","link":"https:\/\/www.sincomam.org.br\/index.php\/obras-de-dragagem-do-porto-de-santos-sao-iniciadas\/","title":{"rendered":"Obras de dragagem do Porto de Santos s\u00e3o iniciadas"},"content":{"rendered":"<p>As obras de dragagem do Porto de Santos (SP) foram iniciadas. A previs\u00e3o \u00e9 que um total de at\u00e9 4,3 milh\u00f5es de metros c\u00fabicos de sedimentos sejam retirados do fundo do canal. O contrato de licita\u00e7\u00e3o com a empresa Dragabras tem dura\u00e7\u00e3o de 12 meses e est\u00e1 or\u00e7ado em R$ 72 milh\u00f5es.<\/p>\n<p>O contrato visa atender os quatro trechos que comp\u00f5em o canal de navega\u00e7\u00e3o, da Barra at\u00e9 a Alemoa, numa extens\u00e3o de 24 km, mais as bacias de evolu\u00e7\u00e3o e os trechos de acesso aos ber\u00e7os de atraca\u00e7\u00e3o.<\/p>\n<p>A empresa contratada vai executar servi\u00e7os de dragagem e manuten\u00e7\u00e3o das profundidades de todo canal de navega\u00e7\u00e3o, bacias de evolu\u00e7\u00e3o e acesso a ber\u00e7os do porto.<\/p>\n<p>Ap\u00f3s inspe\u00e7\u00e3o da Capitania dos Portos de S\u00e3o Paulo (CPSP), equipamento e tripula\u00e7\u00e3o da draga respons\u00e1vel pelo servi\u00e7o receberam atestado de inscri\u00e7\u00e3o tempor\u00e1ria e autoriza\u00e7\u00e3o para opera\u00e7\u00e3o em \u00e1reas jurisdicionais brasileiras e foram liberados para o trabalho.<\/p>\n<p>Assoreamento<\/p>\n<p>O equipamento come\u00e7ou o trabalho pelo trecho 1, que se estende da Barra at\u00e9 o Entreposto de Pesca, por apresentar maior \u00edndice de assoreamento, principalmente em decorr\u00eancia das ressacas frequentes durante o inverno.<\/p>\n<p>Assim que os calados m\u00e1ximos de opera\u00e7\u00e3o (13,2m) forem restabelecidos, o Porto de Santos voltar\u00e1 a operar sem restri\u00e7\u00f5es, proporcionando mais produtividade \u00e0 principal zona portu\u00e1ria a servi\u00e7o do com\u00e9rcio exterior e da economia do Pa\u00eds. Calado \u00e9 a dist\u00e2ncia entre a superf\u00edcie da \u00e1gua e a parte mais submersa (quilha) do navio.<\/p>\n<p>Fonte: Minist\u00e9rio dos Transportes, Portos e Avia\u00e7\u00e3o Civil<\/p>\n","protected":false},"excerpt":{"rendered":"<p>As obras de dragagem do Porto de Santos (SP) foram iniciadas. A previs\u00e3o \u00e9 que um total de at\u00e9 4,3 milh\u00f5es de metros c\u00fabicos de&#8230;<\/p>\n","protected":false},"author":1182,"featured_media":17907,"comment_status":"closed","ping_status":"closed","sticky":false,"template":"","format":"standard","meta":{"footnotes":""},"categories":[6],"tags":[],"class_list":["post-21528","post","type-post","status-publish","format-standard","has-post-thumbnail","hentry","category-noticias"],"_links":{"self":[{"href":"https:\/\/www.sincomam.org.br\/index.php\/wp-json\/wp\/v2\/posts\/21528","targetHints":{"allow":["GET"]}}],"collection":[{"href":"https:\/\/www.sincomam.org.br\/index.php\/wp-json\/wp\/v2\/posts"}],"about":[{"href":"https:\/\/www.sincomam.org.br\/index.php\/wp-json\/wp\/v2\/types\/post"}],"author":[{"embeddable":true,"href":"https:\/\/www.sincomam.org.br\/index.php\/wp-json\/wp\/v2\/users\/1182"}],"replies":[{"embeddable":true,"href":"https:\/\/www.sincomam.org.br\/index.php\/wp-json\/wp\/v2\/comments?post=21528"}],"version-history":[{"count":2,"href":"https:\/\/www.sincomam.org.br\/index.php\/wp-json\/wp\/v2\/posts\/21528\/revisions"}],"predecessor-version":[{"id":21545,"href":"https:\/\/www.sincomam.org.br\/index.php\/wp-json\/wp\/v2\/posts\/21528\/revisions\/21545"}],"wp:featuredmedia":[{"embeddable":true,"href":"https:\/\/www.sincomam.org.br\/index.php\/wp-json\/wp\/v2\/media\/17907"}],"wp:attachment":[{"href":"https:\/\/www.sincomam.org.br\/index.php\/wp-json\/wp\/v2\/media?parent=21528"}],"wp:term":[{"taxonomy":"category","embeddable":true,"href":"https:\/\/www.sincomam.org.br\/index.php\/wp-json\/wp\/v2\/categories?post=21528"},{"taxonomy":"post_tag","embeddable":true,"href":"https:\/\/www.sincomam.org.br\/index.php\/wp-json\/wp\/v2\/tags?post=21528"}],"curies":[{"name":"wp","href":"https:\/\/api.w.org\/{rel}","templated":true}]}}