{"id":21512,"date":"2016-11-10T11:31:32","date_gmt":"2016-11-10T13:31:32","guid":{"rendered":"http:\/\/www.sincomam.org.br\/?p=21512"},"modified":"2016-11-10T11:31:32","modified_gmt":"2016-11-10T13:31:32","slug":"pf-lanca-nova-fase-da-lava-jato-e-cumpre-2-mandados-de-prisao","status":"publish","type":"post","link":"https:\/\/www.sincomam.org.br\/index.php\/pf-lanca-nova-fase-da-lava-jato-e-cumpre-2-mandados-de-prisao\/","title":{"rendered":"PF lan\u00e7a nova fase da Lava Jato e cumpre 2 mandados de pris\u00e3o"},"content":{"rendered":"<section class=\"article-content\">\n<p>A Pol\u00edcia Federal\u00a0informou em nota na manh\u00e3 desta quinta-feira que cumpre dois mandados de pris\u00e3o preventiva e 16 de busca e apreens\u00e3o em uma nova fase da opera\u00e7\u00e3o Lava Jato que tem como alvo operadores financeiros do esquema de corrup\u00e7\u00e3o na Petrobras.<\/p>\n<p>\u201cS\u00e3o apuradas as pr\u00e1ticas, dentre outros crimes, de corrup\u00e7\u00e3o, manuten\u00e7\u00e3o n\u00e3o declarada de valores no exterior e lavagem de dinheiro\u201d, disse a PF em nota sem, no entanto, detalhar quem foram alvos dos mandados.<\/p>\n<p>A nova fase foi denominada \u201copera\u00e7\u00e3o Drag\u00e3o\u201d, em refer\u00eancia ao nome dado por um dos investigados aos neg\u00f3cios fechados para disponibilizar recursos ilegais no Brasil oriundos de pagamentos no exterior, disse a PF, acrescentando que cerca de 90 policiais est\u00e3o nas ruas cumprindo os mandados.<\/p>\n<p>\u201cS\u00e3o investigados dois importantes operadores financeiros respons\u00e1veis pela movimenta\u00e7\u00e3o de recursos de origem ilegal, principalmente oriundos de rela\u00e7\u00f5es criminosas entre empreiteiras e empresas sediadas no Brasil com executivos e funcion\u00e1rios da Petrobras\u201d, disse a PF.<\/p>\n<p>Integrantes da Pol\u00edcia Federal e do Minist\u00e9rio P\u00fablico Federal dar\u00e3o mais detalhes da opera\u00e7\u00e3o em entrevista coletiva nesta manh\u00e3 em Curitiba.<\/p>\n<p>Fonte: Exame<\/p>\n<\/section>\n<section class=\"article-tags\"><\/section>\n","protected":false},"excerpt":{"rendered":"<p>A Pol\u00edcia Federal\u00a0informou em nota na manh\u00e3 desta quinta-feira que cumpre dois mandados de pris\u00e3o preventiva e 16 de busca e apreens\u00e3o em uma nova&#8230;<\/p>\n","protected":false},"author":1182,"featured_media":18467,"comment_status":"closed","ping_status":"closed","sticky":false,"template":"","format":"standard","meta":{"footnotes":""},"categories":[6],"tags":[],"class_list":["post-21512","post","type-post","status-publish","format-standard","has-post-thumbnail","hentry","category-noticias"],"_links":{"self":[{"href":"https:\/\/www.sincomam.org.br\/index.php\/wp-json\/wp\/v2\/posts\/21512","targetHints":{"allow":["GET"]}}],"collection":[{"href":"https:\/\/www.sincomam.org.br\/index.php\/wp-json\/wp\/v2\/posts"}],"about":[{"href":"https:\/\/www.sincomam.org.br\/index.php\/wp-json\/wp\/v2\/types\/post"}],"author":[{"embeddable":true,"href":"https:\/\/www.sincomam.org.br\/index.php\/wp-json\/wp\/v2\/users\/1182"}],"replies":[{"embeddable":true,"href":"https:\/\/www.sincomam.org.br\/index.php\/wp-json\/wp\/v2\/comments?post=21512"}],"version-history":[{"count":1,"href":"https:\/\/www.sincomam.org.br\/index.php\/wp-json\/wp\/v2\/posts\/21512\/revisions"}],"predecessor-version":[{"id":21513,"href":"https:\/\/www.sincomam.org.br\/index.php\/wp-json\/wp\/v2\/posts\/21512\/revisions\/21513"}],"wp:featuredmedia":[{"embeddable":true,"href":"https:\/\/www.sincomam.org.br\/index.php\/wp-json\/wp\/v2\/media\/18467"}],"wp:attachment":[{"href":"https:\/\/www.sincomam.org.br\/index.php\/wp-json\/wp\/v2\/media?parent=21512"}],"wp:term":[{"taxonomy":"category","embeddable":true,"href":"https:\/\/www.sincomam.org.br\/index.php\/wp-json\/wp\/v2\/categories?post=21512"},{"taxonomy":"post_tag","embeddable":true,"href":"https:\/\/www.sincomam.org.br\/index.php\/wp-json\/wp\/v2\/tags?post=21512"}],"curies":[{"name":"wp","href":"https:\/\/api.w.org\/{rel}","templated":true}]}}