{"id":21510,"date":"2016-11-10T11:30:04","date_gmt":"2016-11-10T13:30:04","guid":{"rendered":"http:\/\/www.sincomam.org.br\/?p=21510"},"modified":"2016-11-10T11:30:04","modified_gmt":"2016-11-10T13:30:04","slug":"efeito-trump-sobre-bolsonaro-em-2018-divide-congresso","status":"publish","type":"post","link":"https:\/\/www.sincomam.org.br\/index.php\/efeito-trump-sobre-bolsonaro-em-2018-divide-congresso\/","title":{"rendered":"Efeito Trump sobre Bolsonaro em 2018 divide Congresso"},"content":{"rendered":"<section class=\"article-content\">\n<p>A vit\u00f3ria de\u00a0\u00a0Donald Trump nos Estados Unidos reacendeu a esperan\u00e7a do deputado federal Jair Bolsonaro (PSC-RJ) de conquistar apoio suficiente para ganhar a disputa presidencial em 2018.<\/p>\n<p>Ap\u00f3s o republicano conseguir superar Hillary Clinton, a candidata democrata a Casa Branca, Bolsonaro fez men\u00e7\u00e3o ao resultado em sua p\u00e1gina no Twitter. \u201cVence aquele que lutou contra \u2018tudo e todos\u2019. Em 2018 ser\u00e1 o Brasil no mesmo caminho\u201d, disse, atrav\u00e9s de sua conta oficial na rede social. Um eventual efeito Trump sobre a candidatura de Bolsonaro em 2018 dividiu parlamentares nesta quarta-feira (9).<\/p>\n<p>Em entrevista, o deputado federal Eduardo Bolsonaro (PSC-SP), filho do parlamentar, destacou que \u201cas pancadas que Trump levou durante a campanha presidencial\u201d s\u00e3o similares as cr\u00edticas feitas ao cl\u00e3 Bolsonaro.<\/p>\n<p>\u201cAcredito que a vit\u00f3ria de Trump possa alavancar a candidatura do meu pai ao Planalto. Chegou a hora de derrotar nossos perseguidores e acabar com a vitimiza\u00e7\u00e3o na pol\u00edtica e com o empoderamento das minorias, sustentado pela esquerda \u201d, disse o filho de Bolsonaro.<\/p>\n<p>Por outro lado, o deputado Paulo Pimenta (PT-RS) lamentou o desfecho da corrida presidencial norte-americana e alertou que o resultado pode fortalecer a onda reacion\u00e1rio no Brasil.<\/p>\n<p>\u201c\u00c9 natural que Bolsonaro e sua trupe queiram se apropriar dessa vit\u00f3ria. \u00c9 preciso olhar com cautela esse discurso que estimula a viol\u00eancia e os preconceitos\u201d, afirmou o petista a\u00a0<strong>EXAME.com<\/strong>.<\/p>\n<p>O filho de Bolsonaro fez um desabafo sobre as acusa\u00e7\u00f5es contra sua fam\u00edlia. \u201cN\u00e3o vamos tolerar mais cal\u00fanias. N\u00e3o est\u00e3o sabendo lidar com a for\u00e7a da direita. A vit\u00f3ria de Trump e do Brexit (no Reino Unido) \u00e9 um recado do mundo que est\u00e1 cansado da vitimiza\u00e7\u00e3o comum nas pautas da esquerda\u201d.<\/p>\n<p>Em dia de aprova\u00e7\u00e3o da Proposta de Emenda Constitucional (PEC) do Teto de gastos p\u00fablicos, na Comiss\u00e3o de Constitui\u00e7\u00e3o e Justi\u00e7a (CCJ) do Senado e da primeira etapa da reforma pol\u00edtica, a vit\u00f3ria de Trump teve espa\u00e7o nas conversas dos parlamentares.<\/p>\n<p>Enquanto alguns demonstravam curiosidade, outros n\u00e3o escondiam a preocupa\u00e7\u00e3o sobre o futuro das rela\u00e7\u00f5es entre Brasil e Estados Unidos.<\/p>\n<p>Ap\u00f3s vit\u00f3ria de Trump, Bolsonaro refor\u00e7ou que pleitear\u00e1 o comando do Pal\u00e1cio do Planalto em 2018 \u201cEu sou candidato em 2018, gostem ou n\u00e3o gostem. Cassem o meu mandato, mas n\u00e3o fiquem me caluniando\u201d, disse.<\/p>\n<p>Fonte: Exame<\/p>\n<\/section>\n<section class=\"article-tags\"><\/section>\n","protected":false},"excerpt":{"rendered":"<p>A vit\u00f3ria de\u00a0\u00a0Donald Trump nos Estados Unidos reacendeu a esperan\u00e7a do deputado federal Jair Bolsonaro (PSC-RJ) de conquistar apoio suficiente para ganhar a disputa presidencial&#8230;<\/p>\n","protected":false},"author":1182,"featured_media":19394,"comment_status":"closed","ping_status":"closed","sticky":false,"template":"","format":"standard","meta":{"footnotes":""},"categories":[6],"tags":[],"class_list":["post-21510","post","type-post","status-publish","format-standard","has-post-thumbnail","hentry","category-noticias"],"_links":{"self":[{"href":"https:\/\/www.sincomam.org.br\/index.php\/wp-json\/wp\/v2\/posts\/21510","targetHints":{"allow":["GET"]}}],"collection":[{"href":"https:\/\/www.sincomam.org.br\/index.php\/wp-json\/wp\/v2\/posts"}],"about":[{"href":"https:\/\/www.sincomam.org.br\/index.php\/wp-json\/wp\/v2\/types\/post"}],"author":[{"embeddable":true,"href":"https:\/\/www.sincomam.org.br\/index.php\/wp-json\/wp\/v2\/users\/1182"}],"replies":[{"embeddable":true,"href":"https:\/\/www.sincomam.org.br\/index.php\/wp-json\/wp\/v2\/comments?post=21510"}],"version-history":[{"count":1,"href":"https:\/\/www.sincomam.org.br\/index.php\/wp-json\/wp\/v2\/posts\/21510\/revisions"}],"predecessor-version":[{"id":21511,"href":"https:\/\/www.sincomam.org.br\/index.php\/wp-json\/wp\/v2\/posts\/21510\/revisions\/21511"}],"wp:featuredmedia":[{"embeddable":true,"href":"https:\/\/www.sincomam.org.br\/index.php\/wp-json\/wp\/v2\/media\/19394"}],"wp:attachment":[{"href":"https:\/\/www.sincomam.org.br\/index.php\/wp-json\/wp\/v2\/media?parent=21510"}],"wp:term":[{"taxonomy":"category","embeddable":true,"href":"https:\/\/www.sincomam.org.br\/index.php\/wp-json\/wp\/v2\/categories?post=21510"},{"taxonomy":"post_tag","embeddable":true,"href":"https:\/\/www.sincomam.org.br\/index.php\/wp-json\/wp\/v2\/tags?post=21510"}],"curies":[{"name":"wp","href":"https:\/\/api.w.org\/{rel}","templated":true}]}}