{"id":21476,"date":"2016-11-09T09:22:09","date_gmt":"2016-11-09T11:22:09","guid":{"rendered":"http:\/\/www.sincomam.org.br\/?p=21476"},"modified":"2016-11-09T09:22:09","modified_gmt":"2016-11-09T11:22:09","slug":"ogmo-santos-anuncia-alteracao-de-atendimento-aos-trabalhadores","status":"publish","type":"post","link":"https:\/\/www.sincomam.org.br\/index.php\/ogmo-santos-anuncia-alteracao-de-atendimento-aos-trabalhadores\/","title":{"rendered":"OGMO Santos anuncia altera\u00e7\u00e3o de atendimento aos trabalhadores"},"content":{"rendered":"<p>O \u00d3rg\u00e3o de Gest\u00e3o de M\u00e3o de Obra do Trabalho Portu\u00e1rio do Porto Organizado de Santos (OGMO), no litoral de S\u00e3o Paulo, anunciou que ir\u00e1 alterar parte de sua estrutura de atendimento aos trabalhadores portu\u00e1rios avulsos. A medida ocorre devido a uma decis\u00e3o judicial expedida pelo Tribunal de Contas da Uni\u00e3o (TCU).<\/p>\n<p>O OGMO-Santos devolver\u00e1 as instala\u00e7\u00f5es do Posto de Escala\u00e7\u00e3o 2 e de parte do Posto de Escala\u00e7\u00e3o 3 para a Codesp. Sendo assim, o PE-2, de Outeirinhos, ser\u00e1 desativado. A partir de 17 de novembro, o engajamento ao trabalho dos TPA\u2019s ser\u00e1 transferido para os Postos de Escala\u00e7\u00e3o 1 e 3 (PE1 e PE3), j\u00e1 no primeiro hor\u00e1rio da escala, \u00e0s 7h.<\/p>\n<p>A partir de 21 de novembro, o atendimento administrativo, como Medicina Ocupacional, Recursos Humanos, Treinamento, Disciplina e Seguran\u00e7a do Trabalho, que antes se localizava no PE3, passar\u00e1 a funcionar na Avenida Conselheiro N\u00e9bias, 255, na Vila Mathias.<\/p>\n<p>A parede de Sintraport da 2\u00aa se\u00e7\u00e3o (Embraport) passar\u00e1 para o Posto de Escala\u00e7\u00e3o 1 (PE-1). J\u00e1 as paredes das 3\u00aa e 4\u00aa se\u00e7\u00f5es passar\u00e3o a ser escaladas no PE-3. Para a Estiva, as paredes do 23 R\u00e9 e do 27 (Embraport) passar\u00e3o a ser escaladas no PE-1 e as paredes do 9; 12 Vante; 12 R\u00e9; 18 Vante; 18 R\u00e9 e 23 Vante passar\u00e3o para o PE-3.<\/p>\n<p>Posto de escala\u00e7\u00e3o 1 (PE1) Sabo\u00f3 &#8211; Rua Antonio Prado.<\/p>\n<p>Posto de escala\u00e7\u00e3o 2 (PE2) Outeirinhos &#8211; Av. Eduardo Pereira Guinle.<\/p>\n<p>Posto de escala\u00e7\u00e3o 3 (PE3) Estu\u00e1rio &#8211; Av. Governador M\u00e1rio Covas J\u00fanior.<\/p>\n<p>Novo Pr\u00e9dio Administra\u00e7\u00e3o: Avenida Conselheiro N\u00e9bias, 255, Vila Mathias.<\/p>\n<p>Fonte: Do G1<\/p>\n","protected":false},"excerpt":{"rendered":"<p>O \u00d3rg\u00e3o de Gest\u00e3o de M\u00e3o de Obra do Trabalho Portu\u00e1rio do Porto Organizado de Santos (OGMO), no litoral de S\u00e3o Paulo, anunciou que ir\u00e1&#8230;<\/p>\n","protected":false},"author":1182,"featured_media":19106,"comment_status":"closed","ping_status":"closed","sticky":false,"template":"","format":"standard","meta":{"footnotes":""},"categories":[6],"tags":[],"class_list":["post-21476","post","type-post","status-publish","format-standard","has-post-thumbnail","hentry","category-noticias"],"_links":{"self":[{"href":"https:\/\/www.sincomam.org.br\/index.php\/wp-json\/wp\/v2\/posts\/21476","targetHints":{"allow":["GET"]}}],"collection":[{"href":"https:\/\/www.sincomam.org.br\/index.php\/wp-json\/wp\/v2\/posts"}],"about":[{"href":"https:\/\/www.sincomam.org.br\/index.php\/wp-json\/wp\/v2\/types\/post"}],"author":[{"embeddable":true,"href":"https:\/\/www.sincomam.org.br\/index.php\/wp-json\/wp\/v2\/users\/1182"}],"replies":[{"embeddable":true,"href":"https:\/\/www.sincomam.org.br\/index.php\/wp-json\/wp\/v2\/comments?post=21476"}],"version-history":[{"count":1,"href":"https:\/\/www.sincomam.org.br\/index.php\/wp-json\/wp\/v2\/posts\/21476\/revisions"}],"predecessor-version":[{"id":21477,"href":"https:\/\/www.sincomam.org.br\/index.php\/wp-json\/wp\/v2\/posts\/21476\/revisions\/21477"}],"wp:featuredmedia":[{"embeddable":true,"href":"https:\/\/www.sincomam.org.br\/index.php\/wp-json\/wp\/v2\/media\/19106"}],"wp:attachment":[{"href":"https:\/\/www.sincomam.org.br\/index.php\/wp-json\/wp\/v2\/media?parent=21476"}],"wp:term":[{"taxonomy":"category","embeddable":true,"href":"https:\/\/www.sincomam.org.br\/index.php\/wp-json\/wp\/v2\/categories?post=21476"},{"taxonomy":"post_tag","embeddable":true,"href":"https:\/\/www.sincomam.org.br\/index.php\/wp-json\/wp\/v2\/tags?post=21476"}],"curies":[{"name":"wp","href":"https:\/\/api.w.org\/{rel}","templated":true}]}}