{"id":21474,"date":"2016-11-08T00:01:03","date_gmt":"2016-11-08T02:01:03","guid":{"rendered":"http:\/\/www.sincomam.org.br\/?p=21474"},"modified":"2016-11-07T21:19:42","modified_gmt":"2016-11-07T23:19:42","slug":"rio-tem-r-170-mi-bloqueados-para-pagamento-de-divida","status":"publish","type":"post","link":"https:\/\/www.sincomam.org.br\/index.php\/rio-tem-r-170-mi-bloqueados-para-pagamento-de-divida\/","title":{"rendered":"Rio tem R$ 170 mi bloqueados para pagamento de d\u00edvida"},"content":{"rendered":"<p>A Secretaria de Estado de Fazenda do Rio de Janeiro confirmou em nota, divulgada, o bloqueio de R$ 170 milh\u00f5es das contas do governo fluminense em raz\u00e3o do n\u00e3o pagamento da d\u00edvida do estado com a Uni\u00e3o.<\/p>\n<p>\u201cAs consequ\u00eancias s\u00e3o o impedimento de fazer qualquer tipo de pagamento at\u00e9 que o valor devido \u00e0 Uni\u00e3o seja pago\u201d, diz a nota.<\/p>\n<p>A expectativa \u00e9 que isso ocorra ainda esta semana. De acordo com a secretaria, o impacto desse impedimento \u00e9 imediato, mas n\u00e3o influencia as medidas anunciadas na \u00faltima sexta-feira (4) pelo governador Luiz Fernando Pez\u00e3o para redu\u00e7\u00e3o de custos, j\u00e1 que a maioria delas \u00e9 para 2017.<\/p>\n<p>\u201cO calend\u00e1rio de pagamento est\u00e1 mantido\u201d, assegurou a Secretaria de Fazenda na nota.<\/p>\n","protected":false},"excerpt":{"rendered":"<p>A Secretaria de Estado de Fazenda do Rio de Janeiro confirmou em nota, divulgada, o bloqueio de R$ 170 milh\u00f5es das contas do governo fluminense&#8230;<\/p>\n","protected":false},"author":1182,"featured_media":18713,"comment_status":"closed","ping_status":"closed","sticky":false,"template":"","format":"standard","meta":{"footnotes":""},"categories":[6],"tags":[],"class_list":["post-21474","post","type-post","status-publish","format-standard","has-post-thumbnail","hentry","category-noticias"],"_links":{"self":[{"href":"https:\/\/www.sincomam.org.br\/index.php\/wp-json\/wp\/v2\/posts\/21474","targetHints":{"allow":["GET"]}}],"collection":[{"href":"https:\/\/www.sincomam.org.br\/index.php\/wp-json\/wp\/v2\/posts"}],"about":[{"href":"https:\/\/www.sincomam.org.br\/index.php\/wp-json\/wp\/v2\/types\/post"}],"author":[{"embeddable":true,"href":"https:\/\/www.sincomam.org.br\/index.php\/wp-json\/wp\/v2\/users\/1182"}],"replies":[{"embeddable":true,"href":"https:\/\/www.sincomam.org.br\/index.php\/wp-json\/wp\/v2\/comments?post=21474"}],"version-history":[{"count":1,"href":"https:\/\/www.sincomam.org.br\/index.php\/wp-json\/wp\/v2\/posts\/21474\/revisions"}],"predecessor-version":[{"id":21475,"href":"https:\/\/www.sincomam.org.br\/index.php\/wp-json\/wp\/v2\/posts\/21474\/revisions\/21475"}],"wp:featuredmedia":[{"embeddable":true,"href":"https:\/\/www.sincomam.org.br\/index.php\/wp-json\/wp\/v2\/media\/18713"}],"wp:attachment":[{"href":"https:\/\/www.sincomam.org.br\/index.php\/wp-json\/wp\/v2\/media?parent=21474"}],"wp:term":[{"taxonomy":"category","embeddable":true,"href":"https:\/\/www.sincomam.org.br\/index.php\/wp-json\/wp\/v2\/categories?post=21474"},{"taxonomy":"post_tag","embeddable":true,"href":"https:\/\/www.sincomam.org.br\/index.php\/wp-json\/wp\/v2\/tags?post=21474"}],"curies":[{"name":"wp","href":"https:\/\/api.w.org\/{rel}","templated":true}]}}