{"id":21472,"date":"2016-11-08T00:15:31","date_gmt":"2016-11-08T02:15:31","guid":{"rendered":"http:\/\/www.sincomam.org.br\/?p=21472"},"modified":"2016-11-07T21:14:15","modified_gmt":"2016-11-07T23:14:15","slug":"moro-aceita-que-temer-e-lula-sejam-testemunhas-de-defesa-de-cunha","status":"publish","type":"post","link":"https:\/\/www.sincomam.org.br\/index.php\/moro-aceita-que-temer-e-lula-sejam-testemunhas-de-defesa-de-cunha\/","title":{"rendered":"Moro aceita que Temer e Lula sejam testemunhas de defesa de Cunha"},"content":{"rendered":"<p>O juiz federal S\u00e9rgio Moro, respons\u00e1vel pelas a\u00e7\u00f5es da Lava Jato na primeira inst\u00e2ncia, deferiu o pedido da defesa do ex-deputado Eduardo Cunha (PMDB-RJ) para que o presidente Michel Temer e o ex-presidente Luiz In\u00e1cio Lula da Silvasejam testemunhas do ex-parlamentar.<\/p>\n<p>No despacho, Moro diz que Temer poder\u00e1 optar por ser ouvido em audi\u00eancia ou responder \u00e0s quest\u00f5es do tribunal por escrito, conforme prev\u00ea o C\u00f3digo Processual Penal.<\/p>\n<p>J\u00e1 o ex-presidente Lula dever\u00e1 ser ouvido na Justi\u00e7a Federal de S\u00e3o Bernardo do Campo, em S\u00e3o Paulo, cidade onde mora. O prazo indicado por Moro \u00e9 de 30 dias, \u201cpreferencialmente por videoconfer\u00eancia\u201d.<\/p>\n<p>Temer e Lula est\u00e3o entre as 15 pessoas que ir\u00e3o depor a pedido dos advogados de Cunha. Mais seis testemunhas solicitadas pela defesa tiveram o pedido indeferido por Moro.<\/p>\n<p>A primeira oitiva de testemunhas de defesa ser\u00e1 no pr\u00f3ximo dia 22, quando ser\u00e3o ouvidos o pecuarista Jos\u00e9 Carlos Bumlai, o ex-senador Delc\u00eddio do Amaral, o ex-diretor da Petrobras Nestor Cerver\u00f3, e o lobista Hamylton Padilha.<\/p>\n<p>As testemunhas de acusa\u00e7\u00e3o indicadas pelo Minist\u00e9rio P\u00fablico Federal que ser\u00e3o ouvidas na a\u00e7\u00e3o penal contra Cunha s\u00e3o o ex-gerente da Petrobras Eduardo Musa e o auditor da estatal Rafael de Castro Silva.<\/p>\n","protected":false},"excerpt":{"rendered":"<p>O juiz federal S\u00e9rgio Moro, respons\u00e1vel pelas a\u00e7\u00f5es da Lava Jato na primeira inst\u00e2ncia, deferiu o pedido da defesa do ex-deputado Eduardo Cunha (PMDB-RJ) para&#8230;<\/p>\n","protected":false},"author":1182,"featured_media":18842,"comment_status":"closed","ping_status":"closed","sticky":false,"template":"","format":"standard","meta":{"footnotes":""},"categories":[6],"tags":[],"class_list":["post-21472","post","type-post","status-publish","format-standard","has-post-thumbnail","hentry","category-noticias"],"_links":{"self":[{"href":"https:\/\/www.sincomam.org.br\/index.php\/wp-json\/wp\/v2\/posts\/21472","targetHints":{"allow":["GET"]}}],"collection":[{"href":"https:\/\/www.sincomam.org.br\/index.php\/wp-json\/wp\/v2\/posts"}],"about":[{"href":"https:\/\/www.sincomam.org.br\/index.php\/wp-json\/wp\/v2\/types\/post"}],"author":[{"embeddable":true,"href":"https:\/\/www.sincomam.org.br\/index.php\/wp-json\/wp\/v2\/users\/1182"}],"replies":[{"embeddable":true,"href":"https:\/\/www.sincomam.org.br\/index.php\/wp-json\/wp\/v2\/comments?post=21472"}],"version-history":[{"count":1,"href":"https:\/\/www.sincomam.org.br\/index.php\/wp-json\/wp\/v2\/posts\/21472\/revisions"}],"predecessor-version":[{"id":21473,"href":"https:\/\/www.sincomam.org.br\/index.php\/wp-json\/wp\/v2\/posts\/21472\/revisions\/21473"}],"wp:featuredmedia":[{"embeddable":true,"href":"https:\/\/www.sincomam.org.br\/index.php\/wp-json\/wp\/v2\/media\/18842"}],"wp:attachment":[{"href":"https:\/\/www.sincomam.org.br\/index.php\/wp-json\/wp\/v2\/media?parent=21472"}],"wp:term":[{"taxonomy":"category","embeddable":true,"href":"https:\/\/www.sincomam.org.br\/index.php\/wp-json\/wp\/v2\/categories?post=21472"},{"taxonomy":"post_tag","embeddable":true,"href":"https:\/\/www.sincomam.org.br\/index.php\/wp-json\/wp\/v2\/tags?post=21472"}],"curies":[{"name":"wp","href":"https:\/\/api.w.org\/{rel}","templated":true}]}}