{"id":21468,"date":"2016-11-08T00:30:21","date_gmt":"2016-11-08T02:30:21","guid":{"rendered":"http:\/\/www.sincomam.org.br\/?p=21468"},"modified":"2016-11-07T20:57:26","modified_gmt":"2016-11-07T22:57:26","slug":"portuarios-de-santossp-farao-grande-assembleia-no-corredor-de-exportacao-do-porto-de-santos","status":"publish","type":"post","link":"https:\/\/www.sincomam.org.br\/index.php\/portuarios-de-santossp-farao-grande-assembleia-no-corredor-de-exportacao-do-porto-de-santos\/","title":{"rendered":"Portu\u00e1rios de Santos\/SP far\u00e3o grande assembleia no corredor de exporta\u00e7\u00e3o do Porto de Santos"},"content":{"rendered":"<p>A maioria dos 1.600 trabalhadores avulsos de capatazia do porto de Santos \u00e9 esperada para uma assembleia, hoje, \u00a0segunda-feira (7), \u00e0s 9 horas, no corredor de exporta\u00e7\u00e3o do porto de Santos.<\/p>\n<p>A categoria est\u00e1 em greve nas empresas ADM e Louis Dreyfus, que ocupam 300 desses trabalhadores por dia, nos embarques de graneis s\u00f3lidos que chegam ao porto em vag\u00f5es ferrovi\u00e1rios.<\/p>\n<p>A paralisa\u00e7\u00e3o come\u00e7ou \u00e0s 13 horas de ter\u00e7a-feira (1\u00ba) apenas na operadora portu\u00e1ria ADM, mas foi ampliada na manh\u00e3 de quinta-feira (3), prejudicando a log\u00edstica no corredor.<\/p>\n<p>Isso porque o Terminal de Exporta\u00e7\u00e3o de Santos (Tes), que substituir\u00e1 a empresa Louis Dreyfus em janeiro, anunciou que adotar\u00e1 a mesma medida da ADM que causou a greve.<\/p>\n<p>O problema \u00e9 que as operadoras n\u00e3o querem mais utilizar os trabalhadores avulsos de capatazia do sindicato dos oper\u00e1rios portu\u00e1rios (Sintraport), escalada pelo \u00f3rg\u00e3o gestor de m\u00e3o de obra (Ogmo).<\/p>\n<p>Segundo o presidente do sindicato, Claudiomiro Machado \u2018Miro\u2019, os vag\u00f5es paralisados, que antes ocupavam apenas as imedia\u00e7\u00f5es do complexo, agora est\u00e3o tamb\u00e9m no bairro Alem\u00f4a e at\u00e9 em Cubat\u00e3o.<\/p>\n<p>As empresas, diz o sindicalista, pretendem operar com empregados vinculados, cerca de 170. Isso prejudicaria, segundo Miro, os 1.600 avulsos de capatazia que passam pelo local em sistema de rod\u00edzio.<\/p>\n<p>O presidente do Sintraport tinha esperan\u00e7a de negociar com a ADM na manh\u00e3 de quinta-feira, mas n\u00e3o conseguiu concretizar a expectativa. Pior ainda, foi surpreendido pela decis\u00e3o da Tes e Dreyfus.<\/p>\n<p>Miro e o advogado trabalhista do sindicato, Eraldo Aur\u00e9lio Franzese, estudam que medidas jur\u00eddicas adotar\u00e3o no Tribunal Regional do Trabalho (TRT-SP).<\/p>\n<p>O presidente do Sintraport reclama que, al\u00e9m de vincular, as operadoras querem reduzir os ganhos dos trabalhadores pela metade. \u201cE olha que estamos no meio de uma campanha salarial de data-base\u201d.<\/p>\n<p>Miro e a diretoria do sindicato estar\u00e3o dispon\u00edveis para esclarecimentos e entrevistas, no local: armaz\u00e9m 40, moega 5, corredor de exporta\u00e7\u00e3o.<\/p>\n<p>O sindicalista est\u00e1 convidando parlamentares e sindicalistas de outras categorias para prestigiarem a assembleia de segunda-feira: \u201cVamos fazer um protesto hist\u00f3rico\u201d.<\/p>\n<p>Fonte: Assessoria de imprensa do Sintraport<\/p>\n","protected":false},"excerpt":{"rendered":"<p>A maioria dos 1.600 trabalhadores avulsos de capatazia do porto de Santos \u00e9 esperada para uma assembleia, hoje, \u00a0segunda-feira (7), \u00e0s 9 horas, no corredor&#8230;<\/p>\n","protected":false},"author":1182,"featured_media":19106,"comment_status":"closed","ping_status":"closed","sticky":false,"template":"","format":"standard","meta":{"footnotes":""},"categories":[6],"tags":[],"class_list":["post-21468","post","type-post","status-publish","format-standard","has-post-thumbnail","hentry","category-noticias"],"_links":{"self":[{"href":"https:\/\/www.sincomam.org.br\/index.php\/wp-json\/wp\/v2\/posts\/21468","targetHints":{"allow":["GET"]}}],"collection":[{"href":"https:\/\/www.sincomam.org.br\/index.php\/wp-json\/wp\/v2\/posts"}],"about":[{"href":"https:\/\/www.sincomam.org.br\/index.php\/wp-json\/wp\/v2\/types\/post"}],"author":[{"embeddable":true,"href":"https:\/\/www.sincomam.org.br\/index.php\/wp-json\/wp\/v2\/users\/1182"}],"replies":[{"embeddable":true,"href":"https:\/\/www.sincomam.org.br\/index.php\/wp-json\/wp\/v2\/comments?post=21468"}],"version-history":[{"count":1,"href":"https:\/\/www.sincomam.org.br\/index.php\/wp-json\/wp\/v2\/posts\/21468\/revisions"}],"predecessor-version":[{"id":21469,"href":"https:\/\/www.sincomam.org.br\/index.php\/wp-json\/wp\/v2\/posts\/21468\/revisions\/21469"}],"wp:featuredmedia":[{"embeddable":true,"href":"https:\/\/www.sincomam.org.br\/index.php\/wp-json\/wp\/v2\/media\/19106"}],"wp:attachment":[{"href":"https:\/\/www.sincomam.org.br\/index.php\/wp-json\/wp\/v2\/media?parent=21468"}],"wp:term":[{"taxonomy":"category","embeddable":true,"href":"https:\/\/www.sincomam.org.br\/index.php\/wp-json\/wp\/v2\/categories?post=21468"},{"taxonomy":"post_tag","embeddable":true,"href":"https:\/\/www.sincomam.org.br\/index.php\/wp-json\/wp\/v2\/tags?post=21468"}],"curies":[{"name":"wp","href":"https:\/\/api.w.org\/{rel}","templated":true}]}}