{"id":21448,"date":"2016-11-04T00:01:22","date_gmt":"2016-11-04T02:01:22","guid":{"rendered":"http:\/\/www.sincomam.org.br\/?p=21448"},"modified":"2016-11-03T21:43:06","modified_gmt":"2016-11-03T23:43:06","slug":"america-latina-deve-completar-tres-anos-de-retracao-na-industria","status":"publish","type":"post","link":"https:\/\/www.sincomam.org.br\/index.php\/america-latina-deve-completar-tres-anos-de-retracao-na-industria\/","title":{"rendered":"Am\u00e9rica Latina deve completar tr\u00eas anos de retra\u00e7\u00e3o na ind\u00fastria"},"content":{"rendered":"<p>A Am\u00e9rica Latina caminha para fechar seu terceiro ano com uma contra\u00e7\u00e3o de sua produ\u00e7\u00e3o industrial. Dados coletados por um dos principais institutos econ\u00f4micos da Europa apontam que no primeiro semestre de 2016 a queda no setor manufatureiro latino-americano foi a maior do mundo, tend\u00eancia mantida em agosto. Os dados s\u00e3o do Escrit\u00f3rio Holand\u00eas para a An\u00e1lise de Pol\u00edtica Econ\u00f4mica, centro que se tornou refer\u00eancia em estat\u00edsticas pelo mundo. Em sua mais recente avalia\u00e7\u00e3o, os especialistas apontam para uma retra\u00e7\u00e3o de 1,7% na produ\u00e7\u00e3o industrial da regi\u00e3o em agosto ante expans\u00e3o m\u00e9dia no mundo de 0,4%.<\/p>\n<p>Em julho, nas economias latino-americanas, a queda j\u00e1 havia sido de 0,8%. Brasil, Col\u00f4mbia, M\u00e9xico e Argentina representam 80% da produ\u00e7\u00e3o industrial da regi\u00e3o. O que mais chama a aten\u00e7\u00e3o dos autores do informe \u00e9 o fato de que a Am\u00e9rica Latina j\u00e1 acumula tr\u00eas trimestre consecutivos de queda e provavelmente repetir\u00e1 o desempenho no terceiro trimestre. No fim de 2015, a retra\u00e7\u00e3o foi de 1,3% ante 1,2% no come\u00e7o do ano e 0,7% entre abril e junho.<\/p>\n<p>No mesmo per\u00edodo, a m\u00e9dia mundial apontou para uma taxa de expans\u00e3o modesta. Mas, segundo o instituto, ela tende a um crescimento. No fim de 2015, o aumento havia sido de 0,2% ante o mesmo 0,2% no in\u00edcio de 2016. Para o segundo trimestre, a produ\u00e7\u00e3o industrial no mundo cresceu 0,5%. Para a Am\u00e9rica Latina, a \u00faltima vez em que a ind\u00fastria registrou crescimento foi em 2013, com expans\u00e3o de 0,8%. Depois, a queda foi de 0,7% em 2014 e 2,4% em 2015. Segundo os n\u00fameros, 2016 n\u00e3o deve escapar de mais uma contra\u00e7\u00e3o.<\/p>\n<p>Parte das dificuldades econ\u00f4micas na regi\u00e3o pode estar associada ao com\u00e9rcio mundial. No primeiro trimestre, em termos de volume, os dados apontam para uma contra\u00e7\u00e3o de 0,2% nas exporta\u00e7\u00f5es e importa\u00e7\u00f5es ante queda ainda maior no segundo trimestre, de 0 8%. Agosto teria registrado alta de 1,5%, o que ainda n\u00e3o daria confian\u00e7a aos especialistas para anunciar a retomada do fluxo. As informa\u00e7\u00f5es s\u00e3o do jornal O Estado de S. Paulo.<\/p>\n<p>Fonte:Fonte:Di\u00e1rio de Pernambuco<\/p>\n","protected":false},"excerpt":{"rendered":"<p>A Am\u00e9rica Latina caminha para fechar seu terceiro ano com uma contra\u00e7\u00e3o de sua produ\u00e7\u00e3o industrial. Dados coletados por um dos principais institutos econ\u00f4micos da&#8230;<\/p>\n","protected":false},"author":1182,"featured_media":19391,"comment_status":"closed","ping_status":"closed","sticky":false,"template":"","format":"standard","meta":{"footnotes":""},"categories":[6],"tags":[],"class_list":["post-21448","post","type-post","status-publish","format-standard","has-post-thumbnail","hentry","category-noticias"],"_links":{"self":[{"href":"https:\/\/www.sincomam.org.br\/index.php\/wp-json\/wp\/v2\/posts\/21448","targetHints":{"allow":["GET"]}}],"collection":[{"href":"https:\/\/www.sincomam.org.br\/index.php\/wp-json\/wp\/v2\/posts"}],"about":[{"href":"https:\/\/www.sincomam.org.br\/index.php\/wp-json\/wp\/v2\/types\/post"}],"author":[{"embeddable":true,"href":"https:\/\/www.sincomam.org.br\/index.php\/wp-json\/wp\/v2\/users\/1182"}],"replies":[{"embeddable":true,"href":"https:\/\/www.sincomam.org.br\/index.php\/wp-json\/wp\/v2\/comments?post=21448"}],"version-history":[{"count":1,"href":"https:\/\/www.sincomam.org.br\/index.php\/wp-json\/wp\/v2\/posts\/21448\/revisions"}],"predecessor-version":[{"id":21449,"href":"https:\/\/www.sincomam.org.br\/index.php\/wp-json\/wp\/v2\/posts\/21448\/revisions\/21449"}],"wp:featuredmedia":[{"embeddable":true,"href":"https:\/\/www.sincomam.org.br\/index.php\/wp-json\/wp\/v2\/media\/19391"}],"wp:attachment":[{"href":"https:\/\/www.sincomam.org.br\/index.php\/wp-json\/wp\/v2\/media?parent=21448"}],"wp:term":[{"taxonomy":"category","embeddable":true,"href":"https:\/\/www.sincomam.org.br\/index.php\/wp-json\/wp\/v2\/categories?post=21448"},{"taxonomy":"post_tag","embeddable":true,"href":"https:\/\/www.sincomam.org.br\/index.php\/wp-json\/wp\/v2\/tags?post=21448"}],"curies":[{"name":"wp","href":"https:\/\/api.w.org\/{rel}","templated":true}]}}