{"id":21442,"date":"2016-11-04T00:30:15","date_gmt":"2016-11-04T02:30:15","guid":{"rendered":"http:\/\/www.sincomam.org.br\/?p=21442"},"modified":"2016-11-03T21:32:01","modified_gmt":"2016-11-03T23:32:01","slug":"justica-nega-pedido-para-adiar-provas-do-enem","status":"publish","type":"post","link":"https:\/\/www.sincomam.org.br\/index.php\/justica-nega-pedido-para-adiar-provas-do-enem\/","title":{"rendered":"Justi\u00e7a nega pedido para adiar provas do Enem"},"content":{"rendered":"<p>A Justi\u00e7a Federal do Cear\u00e1 negou, nesta quinta-feira (3), o pedido do Minist\u00e9rio P\u00fablico Federal do estado para cancelar a aplica\u00e7\u00e3o da prova do Exame Nacional do Ensino M\u00e9dio (Enem) no pr\u00f3ximo fim de semana.<\/p>\n<p>Com isso, est\u00e1 mantida a aplica\u00e7\u00e3o da prova neste s\u00e1bado e domingo.\u00a0O exame ser\u00e1 adiado, contudo, para cerca de 191.014 estudantes que fariam a prova em mais de 300 escolas ocupadas contra a PEC do Teto.<\/p>\n<p>A informa\u00e7\u00e3o foi confirmada\u00a0por Maria In\u00eas Fini, presidente do Instituto Nacional de Estudos e Pesquisas Educacionais (Inep).\u201dEst\u00e1 mantida a decis\u00e3o que o Inep anunciou\u201d, afirmou Maria In\u00eas.<\/p>\n<p>Segundo a presidente do Inep, amanh\u00e3, \u00e0s 11h, o ministro da Educa\u00e7\u00e3o,\u00a0Jos\u00e9 Mendon\u00e7a Bezerra Filho, vai anunciar a lista final de locais que ter\u00e3o a prova adiada.<\/p>\n<p>\u201cO n\u00famero de alunos que far\u00e3o a prova em dezembro\u00a0s\u00f3 ir\u00e1 aumentar se tivermos a confirma\u00e7\u00e3o de que h\u00e1 mais ocupa\u00e7\u00f5es. Estamos verificando com os coordenadores dos locais de prova para ter um bom levantamento para anunciar amanh\u00e3 de manh\u00e3\u201d, disse Maria In\u00eas.<\/p>\n<p>Fonte: Exame<\/p>\n","protected":false},"excerpt":{"rendered":"<p>A Justi\u00e7a Federal do Cear\u00e1 negou, nesta quinta-feira (3), o pedido do Minist\u00e9rio P\u00fablico Federal do estado para cancelar a aplica\u00e7\u00e3o da prova do Exame&#8230;<\/p>\n","protected":false},"author":1182,"featured_media":18331,"comment_status":"closed","ping_status":"closed","sticky":false,"template":"","format":"standard","meta":{"footnotes":""},"categories":[6],"tags":[],"class_list":["post-21442","post","type-post","status-publish","format-standard","has-post-thumbnail","hentry","category-noticias"],"_links":{"self":[{"href":"https:\/\/www.sincomam.org.br\/index.php\/wp-json\/wp\/v2\/posts\/21442","targetHints":{"allow":["GET"]}}],"collection":[{"href":"https:\/\/www.sincomam.org.br\/index.php\/wp-json\/wp\/v2\/posts"}],"about":[{"href":"https:\/\/www.sincomam.org.br\/index.php\/wp-json\/wp\/v2\/types\/post"}],"author":[{"embeddable":true,"href":"https:\/\/www.sincomam.org.br\/index.php\/wp-json\/wp\/v2\/users\/1182"}],"replies":[{"embeddable":true,"href":"https:\/\/www.sincomam.org.br\/index.php\/wp-json\/wp\/v2\/comments?post=21442"}],"version-history":[{"count":1,"href":"https:\/\/www.sincomam.org.br\/index.php\/wp-json\/wp\/v2\/posts\/21442\/revisions"}],"predecessor-version":[{"id":21443,"href":"https:\/\/www.sincomam.org.br\/index.php\/wp-json\/wp\/v2\/posts\/21442\/revisions\/21443"}],"wp:featuredmedia":[{"embeddable":true,"href":"https:\/\/www.sincomam.org.br\/index.php\/wp-json\/wp\/v2\/media\/18331"}],"wp:attachment":[{"href":"https:\/\/www.sincomam.org.br\/index.php\/wp-json\/wp\/v2\/media?parent=21442"}],"wp:term":[{"taxonomy":"category","embeddable":true,"href":"https:\/\/www.sincomam.org.br\/index.php\/wp-json\/wp\/v2\/categories?post=21442"},{"taxonomy":"post_tag","embeddable":true,"href":"https:\/\/www.sincomam.org.br\/index.php\/wp-json\/wp\/v2\/tags?post=21442"}],"curies":[{"name":"wp","href":"https:\/\/api.w.org\/{rel}","templated":true}]}}