{"id":21428,"date":"2016-11-03T08:57:07","date_gmt":"2016-11-03T10:57:07","guid":{"rendered":"http:\/\/www.sincomam.org.br\/?p=21428"},"modified":"2016-11-03T08:57:07","modified_gmt":"2016-11-03T10:57:07","slug":"alem-do-porto-crivella-pede-a-temer-municipalizacao-de-9-hospitais","status":"publish","type":"post","link":"https:\/\/www.sincomam.org.br\/index.php\/alem-do-porto-crivella-pede-a-temer-municipalizacao-de-9-hospitais\/","title":{"rendered":"Al\u00e9m do Porto, Crivella pede a Temer municipaliza\u00e7\u00e3o de 9 hospitais"},"content":{"rendered":"<p>O prefeito eleito do Rio, Marcelo Crivella (PRB), quer municipalizar os nove hospitais federais da capital e o Porto da cidade. Ontem, em jantar com o presidente Michel Temer, oferecido ao primeiro-ministro de Portugal, Ant\u00f3nio Costa, ele pediu que fosse repassado \u00e0 prefeitura o controle de todos esses equipamentos.<\/p>\n<p>\u201cJ\u00e1 conversei com o ministro dos Transportes, conversei com Temer agora e ele disse que vai estudar. J\u00e1 h\u00e1 precedentes, e eu mostrei o interesse do Rio\u201d afirmou, ap\u00f3s o jantar. Antes mesmo do encontro com Temer, Crivella j\u00e1 se mostrava otimista e avaliava que n\u00e3o haveria \u201cproblema\u201d na negocia\u00e7\u00e3o, lembrando que o governo federal j\u00e1 fez delega\u00e7\u00f5es de portos para outras prefeituras.<\/p>\n<p>Na \u00e1rea da sa\u00fade, o prefeito eleito ressaltou que seria importante o aumento dos repasses da Uni\u00e3o. \u201cN\u00e3o tenho medo de ser um gestor pleno do SUS (Sistema \u00danico de Sa\u00fade) se n\u00f3s pudermos contar com os repasses e reajustes dos repasses para que n\u00e3o estrangule o Tesouro municipal. Seria bom para ambas as partes\u201d, disse.<\/p>\n<p>Os hospitais federais no Rio s\u00e3o o Cardoso Fontes, em Jacarepagu\u00e1; o dos Servidores do Estado, no Santo Cristo; o Instituto Nacional de Cardiologia, em Laranjeiras; o Instituto Nacional do C\u00e2ncer, no Centro; o Instituto Nacional de Traumatologia e Ortopedia, em S\u00e3o Crist\u00f3v\u00e3o; e os hospitais do Andara\u00ed, Bonsucesso, Ipanema e Lagoa.<\/p>\n<p>A respeito da municipaliza\u00e7\u00e3o do Porto, que est\u00e1 sob administra\u00e7\u00e3o da Companhia Docas do Rio de Janeiro, ligada ao Minist\u00e9rio dos Transportes, a avalia\u00e7\u00e3o de Crivella \u00e9 que a unidade ir\u00e1 injetar R$ 100 milh\u00f5es por ano no caixa da prefeitura.<\/p>\n<p>A delega\u00e7\u00e3o de portos federais para munic\u00edpios e Estados \u00e9 poss\u00edvel e tem precedentes, mas o prefeito eleito deve enfrentar resist\u00eancias no governo federal. Do ponto de vista financeiro, a transfer\u00eancia faz pouco sentido, disse uma fonte do governo federal, porque o porto do Rio \u00e9 deficit\u00e1rio e conta com um dos maiores passivos trabalhistas do pa\u00eds. O que Crivella certamente ganharia com a mudan\u00e7a \u00e9 o poder de indicar funcion\u00e1rios para o porto, que hoje s\u00e3o ligados principalmente ao PMDB.<\/p>\n<p>T\u00e9cnicos do governo discutem meios para transferir os portos \u00e0 iniciativa privada e consideram que seria um sinal dissonante ao mercado colocar o Porto do Rio sob gest\u00e3o da cidade. \u201cSeria trocar seis por meia-d\u00fazia\u201d, disse uma fonte.<\/p>\n<p>H\u00e1 outro agravante para a delega\u00e7\u00e3o do Porto. Segundo t\u00e9cnicos do governo, a cidade deveria receber tamb\u00e9m a gest\u00e3o dos portos de Niter\u00f3i e Itagua\u00ed, que ficam em outros munic\u00edpios. \u201cDaria uma confus\u00e3o tremenda, mas pode acontecer\u201d, ressaltou a fonte. Mesmo se a Prefeitura do Rio assumir esses portos, as futuras concess\u00f5es de \u00e1reas \u2014 como a do terminal de trigo, que deve ocorrer em breve \u2014 e os contratos de arrendamento j\u00e1 em curso continuariam a responder para a Uni\u00e3o, em termos de metas e compromissos.<\/p>\n<p>Viagem<\/p>\n<p>Crivella viaja nesta quarta-feira para Israel e disse que se encontrar\u00e1 com o primeiro-ministro, Benjamin Netanyahu, e com o prefeito de Jerusal\u00e9m, Nir Barkat, para conversar sobre seguran\u00e7a. Segundo ele, a viagem tamb\u00e9m \u00e9 espiritual, em agradecimento pela elei\u00e7\u00e3o. \u201cAcho que a gente pode fazer muita coisa junto. Israel tem uma grande expertise em seguran\u00e7a, provada no mundo inteiro. E o Rio de Janeiro precisa melhorar a sua seguran\u00e7a, pelo menos as a\u00e7\u00f5es preventivas e de intelig\u00eancia. Ent\u00e3o, pretendo juntar o \u00fatil ao agrad\u00e1vel.\u201d<\/p>\n<p>Fonte: Valor<\/p>\n","protected":false},"excerpt":{"rendered":"<p>O prefeito eleito do Rio, Marcelo Crivella (PRB), quer municipalizar os nove hospitais federais da capital e o Porto da cidade. Ontem, em jantar com&#8230;<\/p>\n","protected":false},"author":1182,"featured_media":18972,"comment_status":"closed","ping_status":"closed","sticky":false,"template":"","format":"standard","meta":{"footnotes":""},"categories":[6],"tags":[],"class_list":["post-21428","post","type-post","status-publish","format-standard","has-post-thumbnail","hentry","category-noticias"],"_links":{"self":[{"href":"https:\/\/www.sincomam.org.br\/index.php\/wp-json\/wp\/v2\/posts\/21428","targetHints":{"allow":["GET"]}}],"collection":[{"href":"https:\/\/www.sincomam.org.br\/index.php\/wp-json\/wp\/v2\/posts"}],"about":[{"href":"https:\/\/www.sincomam.org.br\/index.php\/wp-json\/wp\/v2\/types\/post"}],"author":[{"embeddable":true,"href":"https:\/\/www.sincomam.org.br\/index.php\/wp-json\/wp\/v2\/users\/1182"}],"replies":[{"embeddable":true,"href":"https:\/\/www.sincomam.org.br\/index.php\/wp-json\/wp\/v2\/comments?post=21428"}],"version-history":[{"count":1,"href":"https:\/\/www.sincomam.org.br\/index.php\/wp-json\/wp\/v2\/posts\/21428\/revisions"}],"predecessor-version":[{"id":21429,"href":"https:\/\/www.sincomam.org.br\/index.php\/wp-json\/wp\/v2\/posts\/21428\/revisions\/21429"}],"wp:featuredmedia":[{"embeddable":true,"href":"https:\/\/www.sincomam.org.br\/index.php\/wp-json\/wp\/v2\/media\/18972"}],"wp:attachment":[{"href":"https:\/\/www.sincomam.org.br\/index.php\/wp-json\/wp\/v2\/media?parent=21428"}],"wp:term":[{"taxonomy":"category","embeddable":true,"href":"https:\/\/www.sincomam.org.br\/index.php\/wp-json\/wp\/v2\/categories?post=21428"},{"taxonomy":"post_tag","embeddable":true,"href":"https:\/\/www.sincomam.org.br\/index.php\/wp-json\/wp\/v2\/tags?post=21428"}],"curies":[{"name":"wp","href":"https:\/\/api.w.org\/{rel}","templated":true}]}}