{"id":21426,"date":"2016-11-04T01:00:12","date_gmt":"2016-11-04T03:00:12","guid":{"rendered":"http:\/\/www.sincomam.org.br\/?p=21426"},"modified":"2016-11-03T21:34:35","modified_gmt":"2016-11-03T23:34:35","slug":"movimento-de-cargas-no-porto-de-santos-mantem-resultado-negativo","status":"publish","type":"post","link":"https:\/\/www.sincomam.org.br\/index.php\/movimento-de-cargas-no-porto-de-santos-mantem-resultado-negativo\/","title":{"rendered":"Movimento de cargas no porto de Santos mant\u00e9m resultado negativo"},"content":{"rendered":"<p>Oliva, da Codesp, informou em nota que a movimenta\u00e7\u00e3o de cont\u00eaineres caiu 6,9% no acumulado do ano at\u00e9 setembro.\u00a0A movimenta\u00e7\u00e3o de cont\u00eaineres no porto de Santos caiu 6,9%, para 2,6 milh\u00f5es Teus (cont\u00eainer de 20 p\u00e9s), no acumulado do ano at\u00e9 setembro. O cont\u00eainer transporta a carga de maior valor agregado e a queda exp\u00f5e a crise do setor. O porto de Santos concentra 40% da movimenta\u00e7\u00e3o de cont\u00eaineres do pa\u00eds, com seis terminais especializados no segmento.<\/p>\n<p>As importa\u00e7\u00f5es ca\u00edram 6,1%, para 1,3 milh\u00e3o de Teus. J\u00e1 as exporta\u00e7\u00f5es recuaram 7,6%, para 1,3 milh\u00e3o de Teus.<\/p>\n<p>Do total de 1,7 milh\u00e3o de unidades (que considera cont\u00eaineres de 20 p\u00e9s e de 40 p\u00e9s, os Feus), Santos Brasil ficou 39% do mercado, seguida pela BTP, com 36,9% e Embraport, com 18,6%. Libra respondeu por 4,82%; Ecoporto por 0,7%; e Rodrimar ficou com 0,001%.<\/p>\n<p>Em tonelagem, a movimenta\u00e7\u00e3o no cais santista no acumulado do ano ficou est\u00e1vel, com leve queda de 0,1%, fechando janeiro-setembro em 88,5 milh\u00f5es de toneladas. \u00c9 a primeira vez em 21 meses que o porto apresenta queda no acumulado, reflexo do mau momento do com\u00e9rcio exterior. As exporta\u00e7\u00f5es cresceram 1,8% mas as importa\u00e7\u00f5es ca\u00edram 5%.<\/p>\n<p>O presidente da Codesp, estatal que controla o porto, Alex Oliva, afirma que o resultado negativo j\u00e1 era esperado. &#8220;No ano passado houve um &#8216;ponto fora da curva&#8217;, que foi o excesso de demanda de milho no per\u00edodo&#8221;, disse em nota divulgada pela Codesp.<\/p>\n<p>Somente em setembro a queda sobre o mesmo m\u00eas de 2015 foi de 9,9%, com 9,9 milh\u00f5es de toneladas escoadas. As exporta\u00e7\u00f5es recuaram 17,1%, para 6,8 milh\u00f5es de toneladas, e as importa\u00e7\u00f5es avan\u00e7aram 11,9%, fechando o m\u00eas com 3 milh\u00f5es de toneladas.<\/p>\n<p>A participa\u00e7\u00e3o do cais santista na corrente comercial do pa\u00eds alcan\u00e7ou, at\u00e9 setembro de 2016, US$ 70,1 bilh\u00f5es, equivalente a 28,9% do total brasileiro (US$ 242,6 bilh\u00f5es). As exporta\u00e7\u00f5es somaram US$ 39,9 bilh\u00f5es e as importa\u00e7\u00f5es US$ 30,2 bilh\u00f5es.<\/p>\n<p>O fluxo de embarca\u00e7\u00f5es no per\u00edodo foi de 3.596 atraca\u00e7\u00f5es, queda de 7,1% em rela\u00e7\u00e3o ao mesmo per\u00edodo de 2015.<\/p>\n<p>Fonte: Valor<\/p>\n","protected":false},"excerpt":{"rendered":"<p>Oliva, da Codesp, informou em nota que a movimenta\u00e7\u00e3o de cont\u00eaineres caiu 6,9% no acumulado do ano at\u00e9 setembro.\u00a0A movimenta\u00e7\u00e3o de cont\u00eaineres no porto de&#8230;<\/p>\n","protected":false},"author":1182,"featured_media":18377,"comment_status":"closed","ping_status":"closed","sticky":false,"template":"","format":"standard","meta":{"footnotes":""},"categories":[6],"tags":[],"class_list":["post-21426","post","type-post","status-publish","format-standard","has-post-thumbnail","hentry","category-noticias"],"_links":{"self":[{"href":"https:\/\/www.sincomam.org.br\/index.php\/wp-json\/wp\/v2\/posts\/21426","targetHints":{"allow":["GET"]}}],"collection":[{"href":"https:\/\/www.sincomam.org.br\/index.php\/wp-json\/wp\/v2\/posts"}],"about":[{"href":"https:\/\/www.sincomam.org.br\/index.php\/wp-json\/wp\/v2\/types\/post"}],"author":[{"embeddable":true,"href":"https:\/\/www.sincomam.org.br\/index.php\/wp-json\/wp\/v2\/users\/1182"}],"replies":[{"embeddable":true,"href":"https:\/\/www.sincomam.org.br\/index.php\/wp-json\/wp\/v2\/comments?post=21426"}],"version-history":[{"count":1,"href":"https:\/\/www.sincomam.org.br\/index.php\/wp-json\/wp\/v2\/posts\/21426\/revisions"}],"predecessor-version":[{"id":21427,"href":"https:\/\/www.sincomam.org.br\/index.php\/wp-json\/wp\/v2\/posts\/21426\/revisions\/21427"}],"wp:featuredmedia":[{"embeddable":true,"href":"https:\/\/www.sincomam.org.br\/index.php\/wp-json\/wp\/v2\/media\/18377"}],"wp:attachment":[{"href":"https:\/\/www.sincomam.org.br\/index.php\/wp-json\/wp\/v2\/media?parent=21426"}],"wp:term":[{"taxonomy":"category","embeddable":true,"href":"https:\/\/www.sincomam.org.br\/index.php\/wp-json\/wp\/v2\/categories?post=21426"},{"taxonomy":"post_tag","embeddable":true,"href":"https:\/\/www.sincomam.org.br\/index.php\/wp-json\/wp\/v2\/tags?post=21426"}],"curies":[{"name":"wp","href":"https:\/\/api.w.org\/{rel}","templated":true}]}}