{"id":21420,"date":"2016-11-03T00:07:53","date_gmt":"2016-11-03T02:07:53","guid":{"rendered":"http:\/\/www.sincomam.org.br\/?p=21420"},"modified":"2016-11-03T09:07:36","modified_gmt":"2016-11-03T11:07:36","slug":"eleicoes-2016-quando-o-brasil-escolheu-nao-votar","status":"publish","type":"post","link":"https:\/\/www.sincomam.org.br\/index.php\/eleicoes-2016-quando-o-brasil-escolheu-nao-votar\/","title":{"rendered":"Elei\u00e7\u00f5es 2016: quando o Brasil escolheu n\u00e3o votar"},"content":{"rendered":"<p>Em 2016, muitos brasileiros escolheram n\u00e3o votar. O n\u00famero de absten\u00e7\u00f5es, votos brancos e nulos foi elevado no segundo turno. O estado do Rio de Janeiro\u00a0\u00e9 um dos principais exemplos dessa postura dos eleitores. Por l\u00e1, tr\u00eas\u00a0cidades\u00a0que tiveram segundo turno entraram para o ranking das seis nas quais mais eleitores abriram m\u00e3o de escolher\u00a0seus futuros prefeitos para os pr\u00f3ximos quatro anos.\u00a0No total, 7,1 milh\u00f5es se abstiveram, o que representa 21,6% entre os 32,9 milh\u00f5es de eleitores aptos a votar no segundo turno em 57 munic\u00edpios brasileiros.<\/p>\n<p>Na capital fluminense, o total de absten\u00e7\u00f5es, votos brancos e nulos \u00e9 superior aos votos obtidos individualmente pelos dois candidatos que disputaram o segundo turno no \u00faltimo domingo. Foram 2.034.352 contra os 1.700.030 do prefeito eleito Marcelo Crivella (PRB) e os 1.163.662 de Marcelo Freixo (PSOL).<\/p>\n<p>\u201cA absten\u00e7\u00e3o no pa\u00eds como um todo foi um pouco maior do que o normal. O que surpreendeu mesmo foram as aus\u00eancias registradas nos grandes centros, principalmente no Rio de Janeiro\u201d, afirma Murilo Arag\u00e3o, cientista pol\u00edtico da Arko Advice, em entrevista.<\/p>\n<p>\u201cNo Rio, a absten\u00e7\u00e3o [<span>1.314.950]\u00a0<\/span>ficou \u00e0 frente do Freixo [<span>1.163.662<\/span>], s\u00f3 perdeu para o Crivella [<span>1.700.030<\/span>]. Isso \u00e9 assustador e bastante simb\u00f3lico. Indica que o eleitorado do Rio queria uma op\u00e7\u00e3o que n\u00e3o fosse t\u00e3o da extrema esquerda, nem t\u00e3o da extrema esquerda. Queriam algu\u00e9m mais centralizado. N\u00e3o tiveram e, por isso, se abstiveram\u201d, analisa Arag\u00e3o.<\/p>\n<p>Segundo dados do TSE (Tribunal Superior Eleitoral), a cidade com o maior \u00edndice de absten\u00e7\u00f5es foi Ribeir\u00e3o Preto (interior de SP), com 27,62%. O munic\u00edpio registrou ainda 3,43% de votos brancos e 14,25% de nulos. Somando os n\u00fameros, o percentual de pessoas que n\u00e3o escolheram um candidato \u00e9 de 45,3% \u2014 o que coloca o munic\u00edpio em segundo lugar no ranking de locais em que as pessoas escolheram n\u00e3o votar.<\/p>\n<p>Por l\u00e1, o prefeito eleito Duarte Nogueira (PSDB) poderia at\u00e9 mesmo ter ficado em segundo lugar caso os eleitores que votaram branco, nulo ou n\u00e3o compareceram ao pleito tivessem escolhido votar no candidato derrotado Ricardo Silva (PDT).<\/p>\n<p>Fora Rio e Ribeir\u00e3o Preto, as cidades que registraram maior taxa de pessoas que se isentaram da escolha de seus futuros prefeitos foram Porto Alegre (RS), Petr\u00f3polis (RJ), Santo Andr\u00e9 (SP) e Belford Roxo (RJ).<\/p>\n<p>Confira a seguir o ranking das cidades que obtiveram os maiores \u00edndices de pessoas que escolheram n\u00e3o votar em nenhum candidato no segundo turno das elei\u00e7\u00f5es municipais de 2016.<\/p>\n<p><strong>Primeiro Turno<\/strong><\/p>\n<p>No m\u00eas passado, quando aconteceu o primeiro turno, muitas cidades apresentaram tamb\u00e9m um elevado \u00edndice de brasileiros que escolheram n\u00e3o votar.<\/p>\n<p>S\u00e3o Paulo, por exemplo, 1.940.454 absten\u00e7\u00f5es (21,84%), 788.379 de votos nulos (11,35%) e 367.471 de votos brancos (5,29%) \u2014 somados, esses n\u00fameros superam o n\u00famero de votos conferidos a Jo\u00e3o Doria (PSDB), o prefeito eleito no primeiro turno. Na cidade, o aumento de pessoas que compareceram aos col\u00e9gios eleitorais e decidiram n\u00e3o optar por um candidato foi 30% superior a 2012.<\/p>\n<p>Jo\u00e3o Pessoa tamb\u00e9m teve uma alta taxa de pessoas que n\u00e3o votaram em nenhum dos candidatos a prefeito. L\u00e1, as absten\u00e7\u00f5es totalizaram 55.579 (11,37%), os votos nulos somaram 43.609 (10,06%) e os brancos foram 16.661 (3,84%).<\/p>\n<p>A cidade de Salvador\u00a0\u00e9 mais um exemplo de que os brasileiros n\u00e3o se mostraram dispostos a votar em seus prefeitos. O n\u00famero de absten\u00e7\u00f5es foi de\u00a0413.960 (21,25%), os nulos foram 158.807 (10,3%), enquanto os brancos foram 48,615 (3,17%).<\/p>\n<div>Fonte: Exame<\/div>\n","protected":false},"excerpt":{"rendered":"<p>Em 2016, muitos brasileiros escolheram n\u00e3o votar. O n\u00famero de absten\u00e7\u00f5es, votos brancos e nulos foi elevado no segundo turno. O estado do Rio de&#8230;<\/p>\n","protected":false},"author":1182,"featured_media":19394,"comment_status":"closed","ping_status":"closed","sticky":false,"template":"","format":"standard","meta":{"footnotes":""},"categories":[6],"tags":[],"class_list":["post-21420","post","type-post","status-publish","format-standard","has-post-thumbnail","hentry","category-noticias"],"_links":{"self":[{"href":"https:\/\/www.sincomam.org.br\/index.php\/wp-json\/wp\/v2\/posts\/21420","targetHints":{"allow":["GET"]}}],"collection":[{"href":"https:\/\/www.sincomam.org.br\/index.php\/wp-json\/wp\/v2\/posts"}],"about":[{"href":"https:\/\/www.sincomam.org.br\/index.php\/wp-json\/wp\/v2\/types\/post"}],"author":[{"embeddable":true,"href":"https:\/\/www.sincomam.org.br\/index.php\/wp-json\/wp\/v2\/users\/1182"}],"replies":[{"embeddable":true,"href":"https:\/\/www.sincomam.org.br\/index.php\/wp-json\/wp\/v2\/comments?post=21420"}],"version-history":[{"count":1,"href":"https:\/\/www.sincomam.org.br\/index.php\/wp-json\/wp\/v2\/posts\/21420\/revisions"}],"predecessor-version":[{"id":21421,"href":"https:\/\/www.sincomam.org.br\/index.php\/wp-json\/wp\/v2\/posts\/21420\/revisions\/21421"}],"wp:featuredmedia":[{"embeddable":true,"href":"https:\/\/www.sincomam.org.br\/index.php\/wp-json\/wp\/v2\/media\/19394"}],"wp:attachment":[{"href":"https:\/\/www.sincomam.org.br\/index.php\/wp-json\/wp\/v2\/media?parent=21420"}],"wp:term":[{"taxonomy":"category","embeddable":true,"href":"https:\/\/www.sincomam.org.br\/index.php\/wp-json\/wp\/v2\/categories?post=21420"},{"taxonomy":"post_tag","embeddable":true,"href":"https:\/\/www.sincomam.org.br\/index.php\/wp-json\/wp\/v2\/tags?post=21420"}],"curies":[{"name":"wp","href":"https:\/\/api.w.org\/{rel}","templated":true}]}}