{"id":21408,"date":"2016-10-31T00:04:20","date_gmt":"2016-10-31T02:04:20","guid":{"rendered":"http:\/\/www.sincomam.org.br\/?p=21408"},"modified":"2016-10-31T09:05:24","modified_gmt":"2016-10-31T11:05:24","slug":"julgamento-da-chapa-dilmatemer-pode-ficar-para-2017-diz-mendes","status":"publish","type":"post","link":"https:\/\/www.sincomam.org.br\/index.php\/julgamento-da-chapa-dilmatemer-pode-ficar-para-2017-diz-mendes\/","title":{"rendered":"Julgamento da chapa Dilma\/Temer pode ficar para 2017, diz Mendes"},"content":{"rendered":"<p>O presidente do Tribunal Superior Eleitoral (TSE), Gilmar Mendes, afirmou que h\u00e1 precedentes em julgamentos do tribunal para que o presidente Michel Temer seja julgado separadamente da ex-presidente Dilma Rousseff no processo que analisa as contas da campanha de 2014. Ele disse ainda que \u201c\u00e9 de se esperar\u201d que o julgamento fique para o ano que vem.<\/p>\n<p>Ao visitar uma escola na cidade do Rio para abrir o segundo turno das elei\u00e7\u00f5es municipais, o ministro citou o caso ocorrido em Roraima, em que o governador falecido Ottomar Pinto (PSDB) teve as suas contas rejeitadas, em 2006, mas o seu vice, Jos\u00e9 de Anchieta J\u00fanior (PSDB), foi considerado inocente.<\/p>\n<p>\u201c\u00c9 um precedente no sentido que \u00e9 uma decis\u00e3o anterior, mas n\u00e3o \u00e9 uma analogia perfeita. Existe (no caso de Dilma e Temer) uma singularidade por causa do impeachment\u201d, disse o presidente do TSE.<\/p>\n<p>Ele ressaltou ainda que as atividades no tribunal se encerram no fim de novembro e, por isso, dificilmente o processo ser\u00e1 julgado ainda neste ano.<\/p>\n<p>\u201cO processo est\u00e1 andando na celeridade devida. O ministro Herman Benjamin, corregedor (do TSE) e relator (do processo), est\u00e1 participando de todas as audi\u00eancias, ouvindo todas as pessoas indicadas, mas estamos ainda na fase de instru\u00e7\u00e3o ao processo. A quest\u00e3o que vai se colocar logo no in\u00edcio do julgamento \u00e9 essa poss\u00edvel separa\u00e7\u00e3o entre a presidente Dilma e o presidente Temer\u201d, disse o ministro.<\/p>\n<p>Em coletiva de imprensa para analisar as elei\u00e7\u00f5es municipais deste ano, Gilmar Mendes elogiou as mudan\u00e7as no sistema de financiamento de campanha, os gastos totais ca\u00edram de R$ 6,4 bilh\u00f5es, em 2012, para R$ 2,4 bilh\u00f5es, neste ano. Ele criticou no entanto, o tempo para o TSE analisar pedidos de candidaturas. \u201cA proposta para o futuro \u00e9 antecipar o prazo de pr\u00e9-registro\u201d, afirmou.<\/p>\n<p>Fonte: Exame<\/p>\n","protected":false},"excerpt":{"rendered":"<p>O presidente do Tribunal Superior Eleitoral (TSE), Gilmar Mendes, afirmou que h\u00e1 precedentes em julgamentos do tribunal para que o presidente Michel Temer seja julgado&#8230;<\/p>\n","protected":false},"author":1182,"featured_media":18922,"comment_status":"closed","ping_status":"closed","sticky":false,"template":"","format":"standard","meta":{"footnotes":""},"categories":[6],"tags":[],"class_list":["post-21408","post","type-post","status-publish","format-standard","has-post-thumbnail","hentry","category-noticias"],"_links":{"self":[{"href":"https:\/\/www.sincomam.org.br\/index.php\/wp-json\/wp\/v2\/posts\/21408","targetHints":{"allow":["GET"]}}],"collection":[{"href":"https:\/\/www.sincomam.org.br\/index.php\/wp-json\/wp\/v2\/posts"}],"about":[{"href":"https:\/\/www.sincomam.org.br\/index.php\/wp-json\/wp\/v2\/types\/post"}],"author":[{"embeddable":true,"href":"https:\/\/www.sincomam.org.br\/index.php\/wp-json\/wp\/v2\/users\/1182"}],"replies":[{"embeddable":true,"href":"https:\/\/www.sincomam.org.br\/index.php\/wp-json\/wp\/v2\/comments?post=21408"}],"version-history":[{"count":1,"href":"https:\/\/www.sincomam.org.br\/index.php\/wp-json\/wp\/v2\/posts\/21408\/revisions"}],"predecessor-version":[{"id":21409,"href":"https:\/\/www.sincomam.org.br\/index.php\/wp-json\/wp\/v2\/posts\/21408\/revisions\/21409"}],"wp:featuredmedia":[{"embeddable":true,"href":"https:\/\/www.sincomam.org.br\/index.php\/wp-json\/wp\/v2\/media\/18922"}],"wp:attachment":[{"href":"https:\/\/www.sincomam.org.br\/index.php\/wp-json\/wp\/v2\/media?parent=21408"}],"wp:term":[{"taxonomy":"category","embeddable":true,"href":"https:\/\/www.sincomam.org.br\/index.php\/wp-json\/wp\/v2\/categories?post=21408"},{"taxonomy":"post_tag","embeddable":true,"href":"https:\/\/www.sincomam.org.br\/index.php\/wp-json\/wp\/v2\/tags?post=21408"}],"curies":[{"name":"wp","href":"https:\/\/api.w.org\/{rel}","templated":true}]}}