{"id":21404,"date":"2016-10-31T00:57:06","date_gmt":"2016-10-31T02:57:06","guid":{"rendered":"http:\/\/www.sincomam.org.br\/?p=21404"},"modified":"2016-10-31T09:00:11","modified_gmt":"2016-10-31T11:00:11","slug":"porto-de-aracruz-vai-se-transformar-em-complexo-portuario-diz-codesa","status":"publish","type":"post","link":"https:\/\/www.sincomam.org.br\/index.php\/porto-de-aracruz-vai-se-transformar-em-complexo-portuario-diz-codesa\/","title":{"rendered":"Porto de Aracruz vai se transformar em complexo portu\u00e1rio, diz Codesa"},"content":{"rendered":"<p>O presidente da Companhia Docas do Esp\u00edrito Santo (Codesa), Lu\u00eds Cl\u00e1udio Santana Montenegro, disse que pretende integrar a expans\u00e3o do Portocel a uma amplia\u00e7\u00e3o do Porto de Barra do Riacho, em Aracruz .<\/p>\n<p>Com os investimentos p\u00fablicos e privados, Montenegro disse que o local tem potencial para se para transformar em um complexo portu\u00e1rio.<\/p>\n<p>A estrutura do Portocel pertence a empresa de produ\u00e7\u00e3o de celulose Fibria e ser\u00e1 ampliada em projeto privado que custar\u00e1 mais de R$ 70 milh\u00f5es.<\/p>\n<p>A inten\u00e7\u00e3o da Codesa \u00e9 integrar essa amplia\u00e7\u00e3o a uma expans\u00e3o de todo o Porto de Barra do Riacho.<\/p>\n<p>&#8220;Conheci todos os projetos de portos e terminais do Brasil e o Porto de Barra do Riacho \u00e9 o melhor projeto de porto do Brasil, considerando custo-benef\u00edcio, localiza\u00e7\u00e3o e infraestrutura\u201d disse o presidente da Codesa.<\/p>\n<p>O gerente geral de Log\u00edstica da ArcelorMittal, Alexandre Kalil Hanna, criticou a legisla\u00e7\u00e3o dos portos atual, por ser muito complexa.<\/p>\n<p>\u201cA seguran\u00e7a jur\u00eddica \u00e9 imprescind\u00edvel para atrair investimentos privados para a infraestrutura. Precisamos ter livre iniciativa, livre concorr\u00eancia e seguran\u00e7a jur\u00eddica\u201d.<\/p>\n<p>Montenegro foi um dos palestrantes, ontem, em Linhares, no primeiro de uma s\u00e9rie de tr\u00eas encontros do Workshop ES Competitivo, evento da Rede Gazeta que acontecer\u00e1 tamb\u00e9m em Colatina, no dia 8 de novembro, e em Cachoeiro de Itapemirim, no dia 25 de novembro. O encerramento ser\u00e1 em Vit\u00f3ria, em 8 de dezembro.<\/p>\n<p>Fonte: Jornal Floripa<\/p>\n","protected":false},"excerpt":{"rendered":"<p>O presidente da Companhia Docas do Esp\u00edrito Santo (Codesa), Lu\u00eds Cl\u00e1udio Santana Montenegro, disse que pretende integrar a expans\u00e3o do Portocel a uma amplia\u00e7\u00e3o do&#8230;<\/p>\n","protected":false},"author":1182,"featured_media":18586,"comment_status":"closed","ping_status":"closed","sticky":false,"template":"","format":"standard","meta":{"footnotes":""},"categories":[6],"tags":[],"class_list":["post-21404","post","type-post","status-publish","format-standard","has-post-thumbnail","hentry","category-noticias"],"_links":{"self":[{"href":"https:\/\/www.sincomam.org.br\/index.php\/wp-json\/wp\/v2\/posts\/21404","targetHints":{"allow":["GET"]}}],"collection":[{"href":"https:\/\/www.sincomam.org.br\/index.php\/wp-json\/wp\/v2\/posts"}],"about":[{"href":"https:\/\/www.sincomam.org.br\/index.php\/wp-json\/wp\/v2\/types\/post"}],"author":[{"embeddable":true,"href":"https:\/\/www.sincomam.org.br\/index.php\/wp-json\/wp\/v2\/users\/1182"}],"replies":[{"embeddable":true,"href":"https:\/\/www.sincomam.org.br\/index.php\/wp-json\/wp\/v2\/comments?post=21404"}],"version-history":[{"count":1,"href":"https:\/\/www.sincomam.org.br\/index.php\/wp-json\/wp\/v2\/posts\/21404\/revisions"}],"predecessor-version":[{"id":21405,"href":"https:\/\/www.sincomam.org.br\/index.php\/wp-json\/wp\/v2\/posts\/21404\/revisions\/21405"}],"wp:featuredmedia":[{"embeddable":true,"href":"https:\/\/www.sincomam.org.br\/index.php\/wp-json\/wp\/v2\/media\/18586"}],"wp:attachment":[{"href":"https:\/\/www.sincomam.org.br\/index.php\/wp-json\/wp\/v2\/media?parent=21404"}],"wp:term":[{"taxonomy":"category","embeddable":true,"href":"https:\/\/www.sincomam.org.br\/index.php\/wp-json\/wp\/v2\/categories?post=21404"},{"taxonomy":"post_tag","embeddable":true,"href":"https:\/\/www.sincomam.org.br\/index.php\/wp-json\/wp\/v2\/tags?post=21404"}],"curies":[{"name":"wp","href":"https:\/\/api.w.org\/{rel}","templated":true}]}}