{"id":21400,"date":"2016-10-31T08:46:39","date_gmt":"2016-10-31T10:46:39","guid":{"rendered":"http:\/\/www.sincomam.org.br\/?p=21400"},"modified":"2016-10-31T08:46:39","modified_gmt":"2016-10-31T10:46:39","slug":"zpe-preve-aporte-de-r-127-bi-em-nova-area","status":"publish","type":"post","link":"https:\/\/www.sincomam.org.br\/index.php\/zpe-preve-aporte-de-r-127-bi-em-nova-area\/","title":{"rendered":"ZPE prev\u00ea aporte de R$ 12,7 bi em nova \u00e1rea"},"content":{"rendered":"<p>A Zona de Processamento de Exporta\u00e7\u00e3o (ZPE) do Cear\u00e1 espera receber nos pr\u00f3ximos 10 anos investimentos da ordem de R$ 12,7 bilh\u00f5es, gerando no total 34 mil empregos, em sua nova \u00e1rea (Setor II), de 1.911,04 hectares. De janeiro a setembro deste ano, foram movimentadas na \u00e1rea da Zona 2.876.708 toneladas (t) de carga a granel\/solta. &#8220;A nossa expectativa \u00e9 que com o Setor II gerar mais 1 milh\u00e3o de toneladas\/ano at\u00e9 2018&#8221;, projeta o presidente da ZPE Cear\u00e1, M\u00e1rio Lima J\u00fanior.<\/p>\n<p>A amplia\u00e7\u00e3o da Zona foi dividida com base nos investimentos esperados. A \u00e1rea Sul (911,04 hectares) est\u00e1 destinada a ind\u00fastrias dos setores cal\u00e7adista, t\u00eaxtil, petroqu\u00edmico, eletr\u00f4nico, metalmec\u00e2nico, agroind\u00fastria, granito e alimentos, dentre outros. Todos eles est\u00e3o sendo negociados Governo do Estado. J\u00e1 a \u00e1rea Norte, com cerca de 1.000 hectares, est\u00e1 focada para a capta\u00e7\u00e3o de uma refinaria.<\/p>\n<p>Balan\u00e7o de cargas<\/p>\n<p>Das 2.876.708 toneladas de cargas movimentadas na ZPE nos primeiros nove meses deste ano, 2.514.513 toneladas foram de entrada e 362.195 toneladas de sa\u00edda. Em virtude da Companhia Sider\u00fargica do Pec\u00e9m (CSP), o min\u00e9rio de ferro e o carv\u00e3o foram as cargas de maior movimenta\u00e7\u00e3o no per\u00edodo, sendo 1.289.024 e 822.446 toneladas, respectivamente. O min\u00e9rio foi oriundo de Minas Gerais, Esp\u00edrito Santo, Par\u00e1 e do Cear\u00e1, sendo 28.935,72 toneladas deste produto somente do munic\u00edpio de Quiterian\u00f3polis, no interior do Estado.<\/p>\n<p>A ZPE Cear\u00e1 tamb\u00e9m registrou o movimento de calc\u00e1rio: (155.517 t); pelota (116.808 t); dolomita (55.482 t); sucata (24.856 t); s\u00edlica (11.188 t) e quartzo (7.792 t), al\u00e9m de 31.399 t de cargas diversas.<\/p>\n<p>Os insumos regionais (calc\u00e1rio, dolomita, quartzo e s\u00edlica) foram oriundos de munic\u00edpios como Quiterianop\u00f3lis, S\u00e3o Luis do Curu, Maracana\u00fa, Horizonte, Quixer\u00e9, Limoeiro do Norte, Forquilha, Banabui\u00fa e Caucaia.<\/p>\n<p>De acordo com, M\u00e1rio Lima J\u00fanior, s\u00e3o mais de 100 operadores e monitores na ZPE Cear\u00e1 envolvidos nessas opera\u00e7\u00f5es em regime ininterrupto durante as 24 horas do dia.<\/p>\n<p>A m\u00e3o de obra para as atividades desempenhadas na Zona de Processamento foi recrutada nas regi\u00f5es de S\u00e3o Gon\u00e7alo, Paracuru, Caucaia e Fortaleza.<\/p>\n<p>Setor II<\/p>\n<p>Segundo o presidente da ZPE Cear\u00e1, est\u00e3o sendo ultimados os projetos e licita\u00e7\u00f5es para desenvolver a infraestrutura necess\u00e1ria para o pleno funcionamento da nova \u00e1rea da estatal. &#8220;A \u00e1rea de expans\u00e3o contar\u00e1 com armaz\u00e9ns, p\u00e1tio, gates e ser\u00e1 toda cercada com monitoramento 24 horas, o que permitir\u00e1 a instala\u00e7\u00e3o de novos empreendimentos industriais&#8221;, conclui.<\/p>\n<p>J\u00e1 est\u00e3o confirmadas para se instalarem no Setor II da ZPE empresas de granito do Estado do Esp\u00edrito Santo. A expans\u00e3o da Zona havia sido aprovada no m\u00eas de abril deste ano e agora aguarda pelo alfandegamento da Receita Federal.<\/p>\n<p>O assessor especial para Assuntos Internacionais do Governo do Estado, Ant\u00f4nio Balhmann, acredita que o posicionamento da Receita sair\u00e1 ainda este m\u00eas. &#8220;Depois disso, elas (empresas do setor de granito) apresentam \u00e0 ZPE os projetos de f\u00e1bricas dentro da \u00e1rea. Esses projeto s\u00e3o encaminhado para o Conselho das ZPEs. Ap\u00f3s aprovados, eles (os empres\u00e1rios) podem come\u00e7ar as obras&#8221;, explica. Assim, segundo a previs\u00e3o do assessor, as primeiras ind\u00fastrias do setor devem come\u00e7ar a se instalar na nova \u00e1rea j\u00e1 nos primeiros meses do pr\u00f3ximo ano.<\/p>\n<p>Refinaria<\/p>\n<p>Na Zona de Processamento de Exporta\u00e7\u00e3o tamb\u00e9m reside a esperan\u00e7a de que seja implantada uma refinaria de petr\u00f3leo, diante da desist\u00eancia da Premium II em pela Petrobras em janeiro de 2015. A inten\u00e7\u00e3o do Governo do Estado, segundo Balhmann, \u00e9 incluir o projeto na lista de prioridades do Acordo Brasil-China, que foi reafirmado entre os dois pa\u00edses durante a mais recente c\u00fapula de l\u00edderes do G20, no m\u00eas de setembro.<\/p>\n<p>O assessor n\u00e3o deu detalhes de qual seria a pr\u00f3xima estrat\u00e9gia para que o projeto se torne priorit\u00e1rio. Ele ressaltou que o investimento pode vir de uma empresa do setor p\u00fablico ou privado da China.<\/p>\n<p>Fonye: O POvo (CE)<\/p>\n","protected":false},"excerpt":{"rendered":"<p>A Zona de Processamento de Exporta\u00e7\u00e3o (ZPE) do Cear\u00e1 espera receber nos pr\u00f3ximos 10 anos investimentos da ordem de R$ 12,7 bilh\u00f5es, gerando no total&#8230;<\/p>\n","protected":false},"author":1182,"featured_media":17907,"comment_status":"closed","ping_status":"closed","sticky":false,"template":"","format":"standard","meta":{"footnotes":""},"categories":[6],"tags":[],"class_list":["post-21400","post","type-post","status-publish","format-standard","has-post-thumbnail","hentry","category-noticias"],"_links":{"self":[{"href":"https:\/\/www.sincomam.org.br\/index.php\/wp-json\/wp\/v2\/posts\/21400","targetHints":{"allow":["GET"]}}],"collection":[{"href":"https:\/\/www.sincomam.org.br\/index.php\/wp-json\/wp\/v2\/posts"}],"about":[{"href":"https:\/\/www.sincomam.org.br\/index.php\/wp-json\/wp\/v2\/types\/post"}],"author":[{"embeddable":true,"href":"https:\/\/www.sincomam.org.br\/index.php\/wp-json\/wp\/v2\/users\/1182"}],"replies":[{"embeddable":true,"href":"https:\/\/www.sincomam.org.br\/index.php\/wp-json\/wp\/v2\/comments?post=21400"}],"version-history":[{"count":1,"href":"https:\/\/www.sincomam.org.br\/index.php\/wp-json\/wp\/v2\/posts\/21400\/revisions"}],"predecessor-version":[{"id":21401,"href":"https:\/\/www.sincomam.org.br\/index.php\/wp-json\/wp\/v2\/posts\/21400\/revisions\/21401"}],"wp:featuredmedia":[{"embeddable":true,"href":"https:\/\/www.sincomam.org.br\/index.php\/wp-json\/wp\/v2\/media\/17907"}],"wp:attachment":[{"href":"https:\/\/www.sincomam.org.br\/index.php\/wp-json\/wp\/v2\/media?parent=21400"}],"wp:term":[{"taxonomy":"category","embeddable":true,"href":"https:\/\/www.sincomam.org.br\/index.php\/wp-json\/wp\/v2\/categories?post=21400"},{"taxonomy":"post_tag","embeddable":true,"href":"https:\/\/www.sincomam.org.br\/index.php\/wp-json\/wp\/v2\/tags?post=21400"}],"curies":[{"name":"wp","href":"https:\/\/api.w.org\/{rel}","templated":true}]}}