{"id":21393,"date":"2016-10-28T00:16:47","date_gmt":"2016-10-28T02:16:47","guid":{"rendered":"http:\/\/www.sincomam.org.br\/?p=21393"},"modified":"2016-10-28T18:41:50","modified_gmt":"2016-10-28T20:41:50","slug":"governo-volta-a-discutir-direitos-e-deveres-no-transporte-aquatico","status":"publish","type":"post","link":"https:\/\/www.sincomam.org.br\/index.php\/governo-volta-a-discutir-direitos-e-deveres-no-transporte-aquatico\/","title":{"rendered":"Governo volta a discutir direitos e deveres no transporte aqu\u00e1tico"},"content":{"rendered":"<p>A Ag\u00eancia Nacional de Transportes Aquavi\u00e1rios (Antaq) reabriu consulta e audi\u00eancia p\u00fablicas, no per\u00edodo de 24 de outubro a 25 de novembro, para o envio de propostas sobre os direitos e deveres dos usu\u00e1rios, dos agentes intermedi\u00e1rios e das empresas que operam nas navega\u00e7\u00f5es de apoio mar\u00edtimo, apoio portu\u00e1rio, cabotagem e longo curso.<br \/>As minutas jur\u00eddicas e os documentos t\u00e9cnicos referentes \u00e0 proposta de norma j\u00e1 est\u00e3o dispon\u00edveis no site da ag\u00eancia. Segundo a Antaq, somente as sugest\u00f5es que tratem da minuta em quest\u00e3o ser\u00e3o levadas em conta.<\/p>\n<p>As contribui\u00e7\u00f5es poder\u00e3o ser dirigidas \u00e0 Antaq at\u00e9 as 23h59 do dia 25 de novembro, exclusivamente por meio do formul\u00e1rio on-line. No caso de sugest\u00f5es que incluam imagens \u2013 como mapas, fotos, plantas etc. \u2013 estas devem ser encaminhadas pelo e-mail: anexo_audiencia62016@antaq.gov.br, mediante identifica\u00e7\u00e3o do contribuinte e no prazo estipulado.<\/p>\n<p>Al\u00e9m disso, a Antaq far\u00e1 uma audi\u00eancia p\u00fablica presencial no audit\u00f3rio da Federa\u00e7\u00e3o das Ind\u00fastrias do Estado de S\u00e3o Paulo (Fiesp) no dia 7 de novembro de 2016, com in\u00edcio \u00e0s 14h30 e t\u00e9rmino quando da manifesta\u00e7\u00e3o do \u00faltimo credenciado, sendo 17h o seu hor\u00e1rio limite. O credenciamento ser\u00e1 realizado no local da audi\u00eancia, das 14h \u00e0s 15h. A sede da Fiesp fica na Avenida Paulista, n\u00ba 1313, 4\u00ba Andar.<\/p>\n<p>Fonte: Portal Brasil<\/p>\n","protected":false},"excerpt":{"rendered":"<p>A Ag\u00eancia Nacional de Transportes Aquavi\u00e1rios (Antaq) reabriu consulta e audi\u00eancia p\u00fablicas, no per\u00edodo de 24 de outubro a 25 de novembro, para o envio&#8230;<\/p>\n","protected":false},"author":1182,"featured_media":18517,"comment_status":"closed","ping_status":"closed","sticky":false,"template":"","format":"standard","meta":{"footnotes":""},"categories":[6],"tags":[],"class_list":["post-21393","post","type-post","status-publish","format-standard","has-post-thumbnail","hentry","category-noticias"],"_links":{"self":[{"href":"https:\/\/www.sincomam.org.br\/index.php\/wp-json\/wp\/v2\/posts\/21393","targetHints":{"allow":["GET"]}}],"collection":[{"href":"https:\/\/www.sincomam.org.br\/index.php\/wp-json\/wp\/v2\/posts"}],"about":[{"href":"https:\/\/www.sincomam.org.br\/index.php\/wp-json\/wp\/v2\/types\/post"}],"author":[{"embeddable":true,"href":"https:\/\/www.sincomam.org.br\/index.php\/wp-json\/wp\/v2\/users\/1182"}],"replies":[{"embeddable":true,"href":"https:\/\/www.sincomam.org.br\/index.php\/wp-json\/wp\/v2\/comments?post=21393"}],"version-history":[{"count":1,"href":"https:\/\/www.sincomam.org.br\/index.php\/wp-json\/wp\/v2\/posts\/21393\/revisions"}],"predecessor-version":[{"id":21394,"href":"https:\/\/www.sincomam.org.br\/index.php\/wp-json\/wp\/v2\/posts\/21393\/revisions\/21394"}],"wp:featuredmedia":[{"embeddable":true,"href":"https:\/\/www.sincomam.org.br\/index.php\/wp-json\/wp\/v2\/media\/18517"}],"wp:attachment":[{"href":"https:\/\/www.sincomam.org.br\/index.php\/wp-json\/wp\/v2\/media?parent=21393"}],"wp:term":[{"taxonomy":"category","embeddable":true,"href":"https:\/\/www.sincomam.org.br\/index.php\/wp-json\/wp\/v2\/categories?post=21393"},{"taxonomy":"post_tag","embeddable":true,"href":"https:\/\/www.sincomam.org.br\/index.php\/wp-json\/wp\/v2\/tags?post=21393"}],"curies":[{"name":"wp","href":"https:\/\/api.w.org\/{rel}","templated":true}]}}