{"id":21391,"date":"2016-10-28T07:15:32","date_gmt":"2016-10-28T09:15:32","guid":{"rendered":"http:\/\/www.sincomam.org.br\/?p=21391"},"modified":"2016-10-28T18:42:04","modified_gmt":"2016-10-28T20:42:04","slug":"stf-decide-que-revisao-para-aposentado-que-trabalha-e-ilegal","status":"publish","type":"post","link":"https:\/\/www.sincomam.org.br\/index.php\/stf-decide-que-revisao-para-aposentado-que-trabalha-e-ilegal\/","title":{"rendered":"STF decide que revis\u00e3o para aposentado que trabalha \u00e9 ilegal"},"content":{"rendered":"<p>O Supremo Tribunal Federal (STF) decidiu hoje (26) considerar ilegal a desaposenta\u00e7\u00e3o\u00a0\u2013 a possibilidade de o aposentado pedir a revis\u00e3o do benef\u00edcio por ter voltado a trabalhar e a contribuir para a Previd\u00eancia Social.<\/p>\n<p>A legalidade do benef\u00edcio estava em julgamento na Corte h\u00e1 dois anos e sofreu sucessivos pedidos de vista. Mais de 180 mil processos estavam parados em todo o pa\u00eds aguardando a decis\u00e3o do Supremo.<\/p>\n<p>Por 7 votos a 4, os ministros consideraram a desaposenta\u00e7\u00e3o inconstitucional por n\u00e3o estar prevista na legisla\u00e7\u00e3o. Votaram contra o rec\u00e1lculo da aposentadoria os ministros Dias Toffoli, Teori Zavascki, Edson Fachin, Luiz Fux, Gilmar Mendes, Celso de Mello, e a presidente, C\u00e1rmen L\u00facia. A favor votaram Marco Aur\u00e9lio, Lu\u00eds Roberto Barroso, Rosa Weber e Ricardo Lewandowski.<\/p>\n<p>A validade da desaposenta\u00e7\u00e3o foi decidida ap\u00f3s um aposentado pedir ao Instituto Nacional do Seguro Social (INSS) a interrup\u00e7\u00e3o do pagamento da atual aposentadoria por tempo de servi\u00e7o e a concess\u00e3o de um novo benef\u00edcio por tempo de contribui\u00e7\u00e3o, com base nos pagamentos que voltou a fazer quando retornou ao trabalho.<\/p>\n<p><strong>AGU<\/strong><\/p>\n<p>Em parecer enviado hoje (26) ao Supremo, a Advocacia-Geral da Uni\u00e3o (AGU) defendeu que para a concess\u00e3o da desaposenta\u00e7\u00e3o seria necess\u00e1rio que o segurado devolva todos os valores recebidos durante a aposentadoria.<\/p>\n<p>A AGU entende que a revis\u00e3o sem a devolu\u00e7\u00e3o dos valores contraria a Constitui\u00e7\u00e3o Federal, que estabelece o \u201ccar\u00e1ter contributivo da Previd\u00eancia Social e a necessidade de preserva\u00e7\u00e3o do equil\u00edbrio entre suas receitas e despesas\u201d do INSS.<\/p>\n","protected":false},"excerpt":{"rendered":"<p>O Supremo Tribunal Federal (STF) decidiu hoje (26) considerar ilegal a desaposenta\u00e7\u00e3o\u00a0\u2013 a possibilidade de o aposentado pedir a revis\u00e3o do benef\u00edcio por ter voltado&#8230;<\/p>\n","protected":false},"author":1182,"featured_media":17785,"comment_status":"closed","ping_status":"closed","sticky":false,"template":"","format":"standard","meta":{"footnotes":""},"categories":[6],"tags":[],"class_list":["post-21391","post","type-post","status-publish","format-standard","has-post-thumbnail","hentry","category-noticias"],"_links":{"self":[{"href":"https:\/\/www.sincomam.org.br\/index.php\/wp-json\/wp\/v2\/posts\/21391","targetHints":{"allow":["GET"]}}],"collection":[{"href":"https:\/\/www.sincomam.org.br\/index.php\/wp-json\/wp\/v2\/posts"}],"about":[{"href":"https:\/\/www.sincomam.org.br\/index.php\/wp-json\/wp\/v2\/types\/post"}],"author":[{"embeddable":true,"href":"https:\/\/www.sincomam.org.br\/index.php\/wp-json\/wp\/v2\/users\/1182"}],"replies":[{"embeddable":true,"href":"https:\/\/www.sincomam.org.br\/index.php\/wp-json\/wp\/v2\/comments?post=21391"}],"version-history":[{"count":1,"href":"https:\/\/www.sincomam.org.br\/index.php\/wp-json\/wp\/v2\/posts\/21391\/revisions"}],"predecessor-version":[{"id":21392,"href":"https:\/\/www.sincomam.org.br\/index.php\/wp-json\/wp\/v2\/posts\/21391\/revisions\/21392"}],"wp:featuredmedia":[{"embeddable":true,"href":"https:\/\/www.sincomam.org.br\/index.php\/wp-json\/wp\/v2\/media\/17785"}],"wp:attachment":[{"href":"https:\/\/www.sincomam.org.br\/index.php\/wp-json\/wp\/v2\/media?parent=21391"}],"wp:term":[{"taxonomy":"category","embeddable":true,"href":"https:\/\/www.sincomam.org.br\/index.php\/wp-json\/wp\/v2\/categories?post=21391"},{"taxonomy":"post_tag","embeddable":true,"href":"https:\/\/www.sincomam.org.br\/index.php\/wp-json\/wp\/v2\/tags?post=21391"}],"curies":[{"name":"wp","href":"https:\/\/api.w.org\/{rel}","templated":true}]}}