{"id":21259,"date":"2016-10-14T00:05:57","date_gmt":"2016-10-14T03:05:57","guid":{"rendered":"http:\/\/www.sincomam.org.br\/?p=21259"},"modified":"2016-10-13T20:27:06","modified_gmt":"2016-10-13T23:27:06","slug":"apos-tumulto-dilma-diz-que-nao-votara-em-2o-turno","status":"publish","type":"post","link":"https:\/\/www.sincomam.org.br\/index.php\/apos-tumulto-dilma-diz-que-nao-votara-em-2o-turno\/","title":{"rendered":"Ap\u00f3s tumulto, Dilma diz que n\u00e3o votar\u00e1 em 2\u00ba turno"},"content":{"rendered":"<div data-template-placeholder=\"content-placeholder\">\n<p>A ex-presidente Dilma Rousseff<a href=\"http:\/\/www.exame.com.br\/topicos\/dilma-rousseff\"><strong>\u00a0<\/strong><\/a>afirmou que n\u00e3o estar\u00e1 na capital ga\u00facha no dia 30 de outubro e, por isso, n\u00e3o votar\u00e1<a href=\"http:\/\/www.exame.com.br\/topicos\/eleicoes\"><strong>\u00a0<\/strong><\/a>no segundo turno da elei\u00e7\u00e3o \u00e0 prefeitura.\u00a0<\/p>\n<p>&#8220;Eu podia te dizer que o voto \u00e9 secreto. Agora, rigorosamente eu te digo que n\u00e3o estarei em Porto Alegre para votar. Eu vou justificar&#8221;, revelou nesta quinta-feira, 13, em entrevista \u00e0 R\u00e1dio Gua\u00edba, sem explicar as raz\u00f5es para a decis\u00e3o.<\/p>\n<p>O voto de Dilma no primeiro turno, no dia 2 de outubro, foi marcado por um intenso tumulto. Uma decis\u00e3o do juiz Niwton Carpes da Silva, da 160\u00aa zona eleitoral, impediu os jornalistas presentes na Escola Santos Dumont de registrarem a vota\u00e7\u00e3o. Ele alegou que a petista \u00e9 uma &#8220;cidad\u00e3 comum&#8221; e, portanto, deve votar sozinha.<\/p>\n<p>A decis\u00e3o do juiz gerou uma confus\u00e3o que culminou em confronto entre a Brigada Miliar e as pessoas que tentavam acessar o local de vota\u00e7\u00e3o.\u00a0<\/p>\n<p>Al\u00e9m dos jornalistas, apoiadores de Dilma tamb\u00e9m tiveram a entrada barrada, entre eles o ex-ministro Miguel Rossetto e o deputado federal Henrique Fontana (PT-RS). No empurra-empurra, o vidro de uma porta foi quebrado. Na ocasi\u00e3o, Dilma classificou como &#8220;absurda&#8221; e &#8220;antidemocr\u00e1tica&#8221; a decis\u00e3o do TRE-RS.<\/p>\n<p>O PT n\u00e3o tem candidato neste segundo turno em Porto Alegre. A disputa est\u00e1 entre o deputado federal Nelson Marchezan Junior (PSDB) e o atual vice-prefeito, Sebasti\u00e3o Melo (PMDB).\u00a0<\/p>\n<p>O candidato petista, Raul Pont, ficou em terceiro lugar. Com o resultado, o PT definiu que n\u00e3o apoiar\u00e1 nenhum dos nomes que seguem na corrida pela prefeitura.<\/p>\n<p>Fonte: Exame<\/p>\n<div><\/div>\n<\/div>\n","protected":false},"excerpt":{"rendered":"<p>A ex-presidente Dilma Rousseff\u00a0afirmou que n\u00e3o estar\u00e1 na capital ga\u00facha no dia 30 de outubro e, por isso, n\u00e3o votar\u00e1\u00a0no segundo turno da elei\u00e7\u00e3o \u00e0&#8230;<\/p>\n","protected":false},"author":1182,"featured_media":18098,"comment_status":"closed","ping_status":"closed","sticky":false,"template":"","format":"standard","meta":{"footnotes":""},"categories":[6],"tags":[],"class_list":["post-21259","post","type-post","status-publish","format-standard","has-post-thumbnail","hentry","category-noticias"],"_links":{"self":[{"href":"https:\/\/www.sincomam.org.br\/index.php\/wp-json\/wp\/v2\/posts\/21259","targetHints":{"allow":["GET"]}}],"collection":[{"href":"https:\/\/www.sincomam.org.br\/index.php\/wp-json\/wp\/v2\/posts"}],"about":[{"href":"https:\/\/www.sincomam.org.br\/index.php\/wp-json\/wp\/v2\/types\/post"}],"author":[{"embeddable":true,"href":"https:\/\/www.sincomam.org.br\/index.php\/wp-json\/wp\/v2\/users\/1182"}],"replies":[{"embeddable":true,"href":"https:\/\/www.sincomam.org.br\/index.php\/wp-json\/wp\/v2\/comments?post=21259"}],"version-history":[{"count":1,"href":"https:\/\/www.sincomam.org.br\/index.php\/wp-json\/wp\/v2\/posts\/21259\/revisions"}],"predecessor-version":[{"id":21260,"href":"https:\/\/www.sincomam.org.br\/index.php\/wp-json\/wp\/v2\/posts\/21259\/revisions\/21260"}],"wp:featuredmedia":[{"embeddable":true,"href":"https:\/\/www.sincomam.org.br\/index.php\/wp-json\/wp\/v2\/media\/18098"}],"wp:attachment":[{"href":"https:\/\/www.sincomam.org.br\/index.php\/wp-json\/wp\/v2\/media?parent=21259"}],"wp:term":[{"taxonomy":"category","embeddable":true,"href":"https:\/\/www.sincomam.org.br\/index.php\/wp-json\/wp\/v2\/categories?post=21259"},{"taxonomy":"post_tag","embeddable":true,"href":"https:\/\/www.sincomam.org.br\/index.php\/wp-json\/wp\/v2\/tags?post=21259"}],"curies":[{"name":"wp","href":"https:\/\/api.w.org\/{rel}","templated":true}]}}