{"id":21250,"date":"2016-10-13T01:00:09","date_gmt":"2016-10-13T04:00:09","guid":{"rendered":"http:\/\/www.sincomam.org.br\/?p=21250"},"modified":"2016-10-13T09:01:03","modified_gmt":"2016-10-13T12:01:03","slug":"vale-faz-primeira-exportacao-de-terceiros-em-oma","status":"publish","type":"post","link":"https:\/\/www.sincomam.org.br\/index.php\/vale-faz-primeira-exportacao-de-terceiros-em-oma\/","title":{"rendered":"Vale faz primeira exporta\u00e7\u00e3o de terceiros em Om\u00e3"},"content":{"rendered":"<p>A Vale fez na semana passada o primeiro embarque de min\u00e9rio produzido em Om\u00e3 por meio de seu centro de distribui\u00e7\u00e3o no Porto de Sohar, no pa\u00eds \u00e1rabe. A opera\u00e7\u00e3o foi confirmada na \u00faltima segunda-feira (10) pela companhia brasileira.<\/p>\n<p>O neg\u00f3cio \u00e9 resultado de um memorando de entendimentos assinado em mar\u00e7o pela mineradora, a administra\u00e7\u00e3o do porto e a Empresa Nacional de Desenvolvimento de Investimentos de Om\u00e3 (Tanmia), que permite o uso da infraestrutura da Vale para escoamento de produ\u00e7\u00e3o local.<\/p>\n<p>\u201cOm\u00e3 \u00e9 um pa\u00eds rico em min\u00e9rios e n\u00f3s estamos trabalhando para contribuir com nosso conhecimento e nossa expertise industrial para que o sultanato possa levar seus min\u00e9rios industriais ao mercado global a custos competitivos&#8221;, disse o CEO da Vale em Om\u00e3, Jamil Sebe.<\/p>\n<p>A empresa brasileira investiu cerca de US$ 2 bilh\u00f5es na constru\u00e7\u00e3o de uma usina de pelotiza\u00e7\u00e3o de min\u00e9rio de ferro e um centro de distribui\u00e7\u00e3o em Sohar, instala\u00e7\u00f5es inauguradas em 2011. A capacidade do terminal mar\u00edtimo, por\u00e9m, supera as necessidades da usina, da\u00ed a ideia de utiliz\u00e1-lo tamb\u00e9m para movimentar cargas de terceiros. Apenas cerca de 50% da capacidade do terminal \u00e9 utilizada hoje. A Vale n\u00e3o tem atividades de minera\u00e7\u00e3o em Om\u00e3. No processo de pelotiza\u00e7\u00e3o, a companhia usa min\u00e9rio importado do Brasil.<\/p>\n<p>O memorando resultou na cria\u00e7\u00e3o do Corredor Log\u00edstico de Carga Seca de Sohar e, segundo a Vale, se enquadra na estrat\u00e9gia do pa\u00eds \u00e1rabe de diversificar sua economia para al\u00e9m da ind\u00fastria petrol\u00edfera.<\/p>\n<p>Fonte: ANBA<\/p>\n","protected":false},"excerpt":{"rendered":"<p>A Vale fez na semana passada o primeiro embarque de min\u00e9rio produzido em Om\u00e3 por meio de seu centro de distribui\u00e7\u00e3o no Porto de Sohar,&#8230;<\/p>\n","protected":false},"author":1182,"featured_media":18013,"comment_status":"closed","ping_status":"closed","sticky":false,"template":"","format":"standard","meta":{"footnotes":""},"categories":[6],"tags":[],"class_list":["post-21250","post","type-post","status-publish","format-standard","has-post-thumbnail","hentry","category-noticias"],"_links":{"self":[{"href":"https:\/\/www.sincomam.org.br\/index.php\/wp-json\/wp\/v2\/posts\/21250","targetHints":{"allow":["GET"]}}],"collection":[{"href":"https:\/\/www.sincomam.org.br\/index.php\/wp-json\/wp\/v2\/posts"}],"about":[{"href":"https:\/\/www.sincomam.org.br\/index.php\/wp-json\/wp\/v2\/types\/post"}],"author":[{"embeddable":true,"href":"https:\/\/www.sincomam.org.br\/index.php\/wp-json\/wp\/v2\/users\/1182"}],"replies":[{"embeddable":true,"href":"https:\/\/www.sincomam.org.br\/index.php\/wp-json\/wp\/v2\/comments?post=21250"}],"version-history":[{"count":1,"href":"https:\/\/www.sincomam.org.br\/index.php\/wp-json\/wp\/v2\/posts\/21250\/revisions"}],"predecessor-version":[{"id":21251,"href":"https:\/\/www.sincomam.org.br\/index.php\/wp-json\/wp\/v2\/posts\/21250\/revisions\/21251"}],"wp:featuredmedia":[{"embeddable":true,"href":"https:\/\/www.sincomam.org.br\/index.php\/wp-json\/wp\/v2\/media\/18013"}],"wp:attachment":[{"href":"https:\/\/www.sincomam.org.br\/index.php\/wp-json\/wp\/v2\/media?parent=21250"}],"wp:term":[{"taxonomy":"category","embeddable":true,"href":"https:\/\/www.sincomam.org.br\/index.php\/wp-json\/wp\/v2\/categories?post=21250"},{"taxonomy":"post_tag","embeddable":true,"href":"https:\/\/www.sincomam.org.br\/index.php\/wp-json\/wp\/v2\/tags?post=21250"}],"curies":[{"name":"wp","href":"https:\/\/api.w.org\/{rel}","templated":true}]}}