{"id":21244,"date":"2016-10-13T04:57:04","date_gmt":"2016-10-13T07:57:04","guid":{"rendered":"http:\/\/www.sincomam.org.br\/?p=21244"},"modified":"2016-10-13T08:57:48","modified_gmt":"2016-10-13T11:57:48","slug":"prioridade-e-discutir-aprovacao-de-pec-diz-meirelles","status":"publish","type":"post","link":"https:\/\/www.sincomam.org.br\/index.php\/prioridade-e-discutir-aprovacao-de-pec-diz-meirelles\/","title":{"rendered":"Prioridade \u00e9 discutir aprova\u00e7\u00e3o de PEC, diz Meirelles"},"content":{"rendered":"<p>O ministro da Fazenda, Henrique Meirelles, afirmou nesta quarta-feira, 12, que vai priorizar na sua volta ao Brasil, depois de mais de uma semana nos Estados Unidos, a discuss\u00e3o da continuidade da aprova\u00e7\u00e3o da proposta de emenda constitucional (PEC) que estabelece um teto para o aumento do gasto p\u00fablico, al\u00e9m da quest\u00e3o da mudan\u00e7a das regras da repatria\u00e7\u00e3o, caso o assunto volte \u00e0 pauta da C\u00e2mara, e a reforma da Previd\u00eancia.<\/p>\n<p>Sobre a reforma da Previd\u00eancia, Meirelles afirmou que h\u00e1 interesse dos Estados em participar da mudan\u00e7a. &#8220;H\u00e1 interesse, manifesta\u00e7\u00e3o grande dos Estados&#8221;, disse a jornalistas.\u00a0<\/p>\n<p>O ministro explicou que a Fazenda j\u00e1 tem uma s\u00e9rie de conversas em andamento com os Estados, que pedem aux\u00edlio t\u00e9cnico sobre o tema.<\/p>\n<p>A reforma deve ser enviada em breve ao Congresso. J\u00e1 a PEC ser\u00e1 votada em segundo turno na C\u00e2mara no pr\u00f3ximo dia 24.<\/p>\n<p><b>Repatria\u00e7\u00e3o<\/b><\/p>\n<p>Meirelles tamb\u00e9m afirmou que a atual lei da repatria\u00e7\u00e3o de recursos ilegais de brasileiros no exterior \u00e9 &#8220;bastante adequada&#8221;, e minimizou a dificuldade em alterar as regras no Congresso. &#8220;Caso n\u00e3o seja pautada e aprovada uma nova lei, acredito que est\u00e1 bem&#8221;, disse durante a coletiva.<\/p>\n<p>&#8220;N\u00e3o \u00e9 que n\u00f3s estejamos ansiosos pela aprova\u00e7\u00e3o de uma nova lei. Se n\u00e3o aprovar, a lei atual \u00e9 adequada.&#8221; O ministro disse ainda que \u00e9 dif\u00edcil prever o que deve render uma arrecada\u00e7\u00e3o maior para o governo, se a lei atual ou se a vers\u00e3o alterada.\u00a0<\/p>\n<p>&#8220;As duas t\u00eam vantagens e desvantagens. N\u00e3o h\u00e1 como dizer que uma vai arrecadar mais que a outra&#8221;, afirmou o ministro, ressaltando que n\u00e3o se tem dados oficiais dos recursos no exterior que poderiam ser repatriados, justamente por serem ativos ou bens n\u00e3o declarados oficialmente.<\/p>\n<p>O projeto que altera as regras da lei da repatria\u00e7\u00e3o foi retirado na ter\u00e7a-feira da pauta da C\u00e2mara pelo presidente da institui\u00e7\u00e3o, Rodrigo Maia (DEM-RJ) ap\u00f3s n\u00e3o chegar a acordo com o PT sobre a divis\u00e3o de recursos para os Estados. &#8220;Evidentemente \u00e9 poss\u00edvel que de hoje at\u00e9 segunda-feira, pode ser que o acordo venha a ser alcan\u00e7ado e venha a ser pautado&#8221;, disse Meirelles nesta quarta.<\/p>\n<p>Meirelles foi perguntado sobre a possibilidade de incluir na lei da repatria\u00e7\u00e3o os parentes de pol\u00edticos, como querem alguns parlamentares.<\/p>\n<p>&#8220;A informa\u00e7\u00e3o que eu tenho \u00e9 que esse assunto deixou de ser uma possibilidade&#8221;, disse ele. &#8220;Eu acho que \u00e9 uma tese muito controversa, que certamente enfrentaria muita resist\u00eancia na sociedade. Mas isso n\u00e3o \u00e9 algo que afeta a arrecada\u00e7\u00e3o.&#8221;<\/p>\n<p>O ministro afirmou que acha vi\u00e1vel uma das possibilidades que v\u00eam sendo discutidas em Bras\u00edlia, que \u00e9 a regulariza\u00e7\u00e3o da situa\u00e7\u00e3o dos recursos no exterior, mas sem que a pessoa repatrie o capital.\u00a0<\/p>\n<p>Meirelles lembrou que o nome do projeto \u00e9 de regulariza\u00e7\u00e3o de capitais, apesar de ter ficado mais conhecido como projeto de repatria\u00e7\u00e3o.\u00a0<\/p>\n<p>&#8220;A finalidade da lei \u00e9 que os brasileiros que tenham bens no exterior n\u00e3o declarados \u00e0 Receita Federal agora sejam declarados.&#8221; A partir da\u00ed, onde vai ser investido esses recursos, \u00e9 uma decis\u00e3o dos investidores, concluiu Meirelles.<\/p>\n<p><b>Lula<\/b><\/p>\n<p>No final da entrevista, Meirelles foi perguntado sobre a possibilidade de participar da defesa de Luiz In\u00e1cio Lula da Silva nas investiga\u00e7\u00f5es da Lava Jato, como quer a defesa do ex-presidente, mas o ministro disse n\u00e3o ter sido informado sobre essa inten\u00e7\u00e3o. &#8220;N\u00e3o fui comunicado. N\u00e3o sei do que se trata.&#8221;<\/p>\n","protected":false},"excerpt":{"rendered":"<p>O ministro da Fazenda, Henrique Meirelles, afirmou nesta quarta-feira, 12, que vai priorizar na sua volta ao Brasil, depois de mais de uma semana nos&#8230;<\/p>\n","protected":false},"author":1182,"featured_media":19487,"comment_status":"closed","ping_status":"closed","sticky":false,"template":"","format":"standard","meta":{"footnotes":""},"categories":[6],"tags":[],"class_list":["post-21244","post","type-post","status-publish","format-standard","has-post-thumbnail","hentry","category-noticias"],"_links":{"self":[{"href":"https:\/\/www.sincomam.org.br\/index.php\/wp-json\/wp\/v2\/posts\/21244","targetHints":{"allow":["GET"]}}],"collection":[{"href":"https:\/\/www.sincomam.org.br\/index.php\/wp-json\/wp\/v2\/posts"}],"about":[{"href":"https:\/\/www.sincomam.org.br\/index.php\/wp-json\/wp\/v2\/types\/post"}],"author":[{"embeddable":true,"href":"https:\/\/www.sincomam.org.br\/index.php\/wp-json\/wp\/v2\/users\/1182"}],"replies":[{"embeddable":true,"href":"https:\/\/www.sincomam.org.br\/index.php\/wp-json\/wp\/v2\/comments?post=21244"}],"version-history":[{"count":1,"href":"https:\/\/www.sincomam.org.br\/index.php\/wp-json\/wp\/v2\/posts\/21244\/revisions"}],"predecessor-version":[{"id":21245,"href":"https:\/\/www.sincomam.org.br\/index.php\/wp-json\/wp\/v2\/posts\/21244\/revisions\/21245"}],"wp:featuredmedia":[{"embeddable":true,"href":"https:\/\/www.sincomam.org.br\/index.php\/wp-json\/wp\/v2\/media\/19487"}],"wp:attachment":[{"href":"https:\/\/www.sincomam.org.br\/index.php\/wp-json\/wp\/v2\/media?parent=21244"}],"wp:term":[{"taxonomy":"category","embeddable":true,"href":"https:\/\/www.sincomam.org.br\/index.php\/wp-json\/wp\/v2\/categories?post=21244"},{"taxonomy":"post_tag","embeddable":true,"href":"https:\/\/www.sincomam.org.br\/index.php\/wp-json\/wp\/v2\/tags?post=21244"}],"curies":[{"name":"wp","href":"https:\/\/api.w.org\/{rel}","templated":true}]}}