{"id":21238,"date":"2016-10-13T01:51:29","date_gmt":"2016-10-13T04:51:29","guid":{"rendered":"http:\/\/www.sincomam.org.br\/?p=21238"},"modified":"2016-10-13T08:53:40","modified_gmt":"2016-10-13T11:53:40","slug":"osx-firma-acordo-para-locacao-de-area-de-cais-e-instalacoes-no-porto-do-acu","status":"publish","type":"post","link":"https:\/\/www.sincomam.org.br\/index.php\/osx-firma-acordo-para-locacao-de-area-de-cais-e-instalacoes-no-porto-do-acu\/","title":{"rendered":"OSX firma acordo para loca\u00e7\u00e3o de \u00e1rea de cais e instala\u00e7\u00f5es no Porto do A\u00e7u"},"content":{"rendered":"<p><span>A OSX Brasil anunciou ao mercado que, em conjunto com sua controladora OSX Constru\u00e7\u00e3o Naval S.A., firmou acordo para loca\u00e7\u00e3o de \u00e1rea de cais e instala\u00e7\u00f5es localizada pr\u00f3xima \u00e0 entrada do canal do terminal 2 do Porto do A\u00e7u, em S\u00e3o Jo\u00e3o da Barra (RJ). A companhia, que encontra-se em recupera\u00e7\u00e3o judicial, n\u00e3o informou com quem esse termo foi acertado nem os valores da opera\u00e7\u00e3o.<\/span><\/p>\n<p><span>No comunicado ao mercado, a empresa explicou que tal acordo, no formato de &#8220;instrumento particular de transa\u00e7\u00e3o e outras aven\u00e7as&#8221;, prev\u00ea a celebra\u00e7\u00e3o de um contrato definitivo de aluguel por 20 anos renov\u00e1veis por igual per\u00edodo. &#8220;Tal contrato se traduz no primeiro neg\u00f3cio feito entre a companhia e uma terceira parte, representando um marco na hist\u00f3ria da OSX e o cumprimento de uma importante etapa no soerguimento da OSX Constru\u00e7\u00e3o Naval e demais companhias recuperandas&#8221;, ressaltou a empresa.\u00a0<\/span><\/p>\n<p><span>A OSX tamb\u00e9m destacou que o acordo foi homologado no mesmo dia de sua assinatura pelo Ju\u00edzo da 3\u00aa. Vara de Direito Empresarial da Comarca da Capital do Rio de Janeiro. &#8220;No \u00e2mbito do plano de recupera\u00e7\u00e3o judicial, a OSX confirma a execu\u00e7\u00e3o de um de seus pilares \u2014 a readequa\u00e7\u00e3o do plano de neg\u00f3cios da unidade no A\u00e7u \u2014 assegurando a continuidade de suas opera\u00e7\u00f5es e a gera\u00e7\u00e3o de caixa para fazer frente \u00e0s obriga\u00e7\u00f5es previstas&#8221;, acrescenta a empresa no comunicado.\u00a0<\/span><\/p>\n<p>Fonte:Revista Portos e Navios<\/p>\n","protected":false},"excerpt":{"rendered":"<p>A OSX Brasil anunciou ao mercado que, em conjunto com sua controladora OSX Constru\u00e7\u00e3o Naval S.A., firmou acordo para loca\u00e7\u00e3o de \u00e1rea de cais e&#8230;<\/p>\n","protected":false},"author":1182,"featured_media":17870,"comment_status":"closed","ping_status":"closed","sticky":false,"template":"","format":"standard","meta":{"footnotes":""},"categories":[6],"tags":[],"class_list":["post-21238","post","type-post","status-publish","format-standard","has-post-thumbnail","hentry","category-noticias"],"_links":{"self":[{"href":"https:\/\/www.sincomam.org.br\/index.php\/wp-json\/wp\/v2\/posts\/21238","targetHints":{"allow":["GET"]}}],"collection":[{"href":"https:\/\/www.sincomam.org.br\/index.php\/wp-json\/wp\/v2\/posts"}],"about":[{"href":"https:\/\/www.sincomam.org.br\/index.php\/wp-json\/wp\/v2\/types\/post"}],"author":[{"embeddable":true,"href":"https:\/\/www.sincomam.org.br\/index.php\/wp-json\/wp\/v2\/users\/1182"}],"replies":[{"embeddable":true,"href":"https:\/\/www.sincomam.org.br\/index.php\/wp-json\/wp\/v2\/comments?post=21238"}],"version-history":[{"count":1,"href":"https:\/\/www.sincomam.org.br\/index.php\/wp-json\/wp\/v2\/posts\/21238\/revisions"}],"predecessor-version":[{"id":21239,"href":"https:\/\/www.sincomam.org.br\/index.php\/wp-json\/wp\/v2\/posts\/21238\/revisions\/21239"}],"wp:featuredmedia":[{"embeddable":true,"href":"https:\/\/www.sincomam.org.br\/index.php\/wp-json\/wp\/v2\/media\/17870"}],"wp:attachment":[{"href":"https:\/\/www.sincomam.org.br\/index.php\/wp-json\/wp\/v2\/media?parent=21238"}],"wp:term":[{"taxonomy":"category","embeddable":true,"href":"https:\/\/www.sincomam.org.br\/index.php\/wp-json\/wp\/v2\/categories?post=21238"},{"taxonomy":"post_tag","embeddable":true,"href":"https:\/\/www.sincomam.org.br\/index.php\/wp-json\/wp\/v2\/tags?post=21238"}],"curies":[{"name":"wp","href":"https:\/\/api.w.org\/{rel}","templated":true}]}}