{"id":21236,"date":"2016-10-13T08:51:16","date_gmt":"2016-10-13T11:51:16","guid":{"rendered":"http:\/\/www.sincomam.org.br\/?p=21236"},"modified":"2016-10-13T08:51:16","modified_gmt":"2016-10-13T11:51:16","slug":"terminal-da-adm-do-brasil-sera-concluido-em-5-meses","status":"publish","type":"post","link":"https:\/\/www.sincomam.org.br\/index.php\/terminal-da-adm-do-brasil-sera-concluido-em-5-meses\/","title":{"rendered":"Terminal da ADM do Brasil ser\u00e1 conclu\u00eddo em 5 meses"},"content":{"rendered":"<p>A ADM do Brasil planeja concluir, em cinco meses, a moderniza\u00e7\u00e3o de seu terminal no Porto de Santos, especializado na movimenta\u00e7\u00e3o de gran\u00e9is s\u00f3lidos e localizado na regi\u00e3o da Ponta da Praia. Segundo a operadora, 60% das obras civis j\u00e1 est\u00e3o conclu\u00eddas e 80% dos equipamentos de transporte de gr\u00e3os e suas subesta\u00e7\u00f5es el\u00e9tricas foram implantados.<\/p>\n<p>O projeto prev\u00ea um investimento de R$ 270 milh\u00f5es. Com esse aporte, a ADM aumentar\u00e1 a capacidade de exporta\u00e7\u00e3o dos gr\u00e3os de sua unidade portu\u00e1ria dos atuais 6 milh\u00f5es para 8 milh\u00f5es de toneladas por ano. Todo o plano tinha como objetivo garantir a renova\u00e7\u00e3o do contrato de arrendamento do terminal da empresa que, agora, valer\u00e1 at\u00e9 2037.<\/p>\n<p>O valor investido ser\u00e1 destinado \u00e0 compra de novos equipamentos e na reforma dos armaz\u00e9ns e de outras instala\u00e7\u00f5es, visando n\u00e3o s\u00f3 a efici\u00eancia como tamb\u00e9m a sustentabilidade das opera\u00e7\u00f5es portu\u00e1rias.<\/p>\n<p>Novo armaz\u00e9m da ADM tem 90% das paredes feitas. Foco do trabalhos, agora, \u00e9 na cobertura da unidade<br \/>(Foto: Divulga\u00e7\u00e3o) <br \/>As obras civis contemplam a demoli\u00e7\u00e3o e a constru\u00e7\u00e3o de um novo armaz\u00e9m, al\u00e9m da implanta\u00e7\u00e3o de uma nova linha de embarque de gr\u00e3os e a substitui\u00e7\u00e3o dos transportadores de carga atuais por novos, totalmente enclausurados. Novos sistemas de despoeiramento e a aquisi\u00e7\u00e3o de dois novos shiploaders para carregamento dos navios tamb\u00e9m est\u00e3o previstos.<\/p>\n<p>Com isso, a empresa promete evitar a polui\u00e7\u00e3o decorrente das opera\u00e7\u00f5es com gr\u00e3os. Este \u00e9 considerado um dos principais problemas na rela\u00e7\u00e3o Porto-Cidade, principalmente para moradores da Ponta da Praia, j\u00e1 que a qualidade do ar na regi\u00e3o \u00e9 considerada ruim devido ao p\u00f3 liberado nesses embarques.<\/p>\n<p>\u201cAs obras est\u00e3o caminhando bem e estamos otimistas com a perspectiva de cumprir o cronograma e concluir o terminal antes da pr\u00f3xima safra\u201d, destacou o diretor nacional de Portos e Log\u00edstica da ADM no Brasil, Eduardo Rodrigues.<\/p>\n<p>O executivo destaca que o projeto de moderniza\u00e7\u00e3o do terminal trar\u00e1 benef\u00edcios para a popula\u00e7\u00e3o do bairro, com a perspectiva de reduzir em at\u00e9 80% a emiss\u00e3o de poluentes. Isto ser\u00e1 poss\u00edvel gra\u00e7as \u00e0 instala\u00e7\u00e3o de tecnologias que s\u00e3o refer\u00eancias internacionais em sustentabilidade e que trazem os melhores sistemas de controle ambiental.<\/p>\n<p>Interven\u00e7\u00f5es<\/p>\n<p>De acordo com a empresa, o novo armaz\u00e9m j\u00e1 teve 90% das paredes conclu\u00eddas. Agora, os trabalhos se concentram na cobertura da instala\u00e7\u00e3o, que est\u00e1 em fase inicial de montagem. Os pisos e t\u00faneis tamb\u00e9m j\u00e1 est\u00e3o prontos e a previs\u00e3o de entrega \u00e9 dezembro.<\/p>\n<p>No m\u00eas passado, foram instaladas as portas autom\u00e1ticas dos armaz\u00e9ns e a ADM recebeu as lamelas das moegas rodoferrovi\u00e1rias, que ser\u00e3o instaladas ainda este ano. Tamb\u00e9m j\u00e1 foram montadas 20% das estruturas met\u00e1licas e de transportadores enclausurados.<\/p>\n<p>O primeiro dos dois shiploaders est\u00e1 sendo montado desde agosto no terminal. E uma segunda parte de seu maquin\u00e1rio ser\u00e1 entregue at\u00e9 janeiro. O segundo j\u00e1 foi comprado e est\u00e1 em fabrica\u00e7\u00e3o, devendo ser entregue at\u00e9 mar\u00e7o de 2017.<\/p>\n<p>Esses equipamentos contam com sistema de queda em cascata e sensores para contato permanente com o produto, do in\u00edcio ao fim do embarque, evitando que se formem nuvens de particulados quando for realizado o carregamento dos gr\u00e3os nos navios.<\/p>\n<p>\u201cTamb\u00e9m estamos confiantes com as novas contrata\u00e7\u00f5es e a perspectiva de capacitar mais os funcion\u00e1rios, para atuarem de acordo com os nossos princ\u00edpios ambientais e padr\u00e3o de qualidade\u201d, complementa Eduardo Rodrigues<\/p>\n<p>Fonte:Tribuna online<\/p>\n","protected":false},"excerpt":{"rendered":"<p>A ADM do Brasil planeja concluir, em cinco meses, a moderniza\u00e7\u00e3o de seu terminal no Porto de Santos, especializado na movimenta\u00e7\u00e3o de gran\u00e9is s\u00f3lidos e&#8230;<\/p>\n","protected":false},"author":1182,"featured_media":19106,"comment_status":"closed","ping_status":"closed","sticky":false,"template":"","format":"standard","meta":{"footnotes":""},"categories":[6],"tags":[],"class_list":["post-21236","post","type-post","status-publish","format-standard","has-post-thumbnail","hentry","category-noticias"],"_links":{"self":[{"href":"https:\/\/www.sincomam.org.br\/index.php\/wp-json\/wp\/v2\/posts\/21236","targetHints":{"allow":["GET"]}}],"collection":[{"href":"https:\/\/www.sincomam.org.br\/index.php\/wp-json\/wp\/v2\/posts"}],"about":[{"href":"https:\/\/www.sincomam.org.br\/index.php\/wp-json\/wp\/v2\/types\/post"}],"author":[{"embeddable":true,"href":"https:\/\/www.sincomam.org.br\/index.php\/wp-json\/wp\/v2\/users\/1182"}],"replies":[{"embeddable":true,"href":"https:\/\/www.sincomam.org.br\/index.php\/wp-json\/wp\/v2\/comments?post=21236"}],"version-history":[{"count":1,"href":"https:\/\/www.sincomam.org.br\/index.php\/wp-json\/wp\/v2\/posts\/21236\/revisions"}],"predecessor-version":[{"id":21237,"href":"https:\/\/www.sincomam.org.br\/index.php\/wp-json\/wp\/v2\/posts\/21236\/revisions\/21237"}],"wp:featuredmedia":[{"embeddable":true,"href":"https:\/\/www.sincomam.org.br\/index.php\/wp-json\/wp\/v2\/media\/19106"}],"wp:attachment":[{"href":"https:\/\/www.sincomam.org.br\/index.php\/wp-json\/wp\/v2\/media?parent=21236"}],"wp:term":[{"taxonomy":"category","embeddable":true,"href":"https:\/\/www.sincomam.org.br\/index.php\/wp-json\/wp\/v2\/categories?post=21236"},{"taxonomy":"post_tag","embeddable":true,"href":"https:\/\/www.sincomam.org.br\/index.php\/wp-json\/wp\/v2\/tags?post=21236"}],"curies":[{"name":"wp","href":"https:\/\/api.w.org\/{rel}","templated":true}]}}