{"id":21225,"date":"2016-10-11T02:00:38","date_gmt":"2016-10-11T05:00:38","guid":{"rendered":"http:\/\/www.sincomam.org.br\/?p=21225"},"modified":"2016-10-11T09:41:36","modified_gmt":"2016-10-11T12:41:36","slug":"movimentacao-do-porto-do-pecem-cresce-90-em-setembro","status":"publish","type":"post","link":"https:\/\/www.sincomam.org.br\/index.php\/movimentacao-do-porto-do-pecem-cresce-90-em-setembro\/","title":{"rendered":"Movimenta\u00e7\u00e3o do Porto do Pec\u00e9m cresce 90% em setembro"},"content":{"rendered":"<p>O Porto do Pec\u00e9m movimentou no m\u00eas de setembro 1.131.413 toneladas de mercadorias, 90% a mais que o mesmo per\u00edodo do ano passado. No acumulado do ano, 7.179.521 toneladas foram importadas\/exportadas atrav\u00e9s do porto cearense, 31% a mais que 2015 e recorde de movimenta\u00e7\u00e3o, entre os meses de janeiro a setembro, desde o in\u00edcio de sua opera\u00e7\u00e3o.<\/p>\n<p>As importa\u00e7\u00f5es (6.071.789 t) cresceram 25%, enquanto as exporta\u00e7\u00f5es (1.107.732 t) subiram 73%. Considerados os tipos de navega\u00e7\u00e3o, a cabotagem foi a que apresentou um incremento mais significativo, ao todo, 2.353.593 toneladas movimentadas at\u00e9 setembro, enquanto em 2015 haviam sido movimentadas 683.632 toneladas.<\/p>\n<p>Entre o extenso leque de mercadorias movimentadas no Porto do Pec\u00e9m, os destaques v\u00e3o para o carv\u00e3o mineral (2.966.066 t), min\u00e9rio de ferro (1.301.260 t), g\u00e1s natural (813.549 t) e produtos sider\u00fargicos (511.679 t).<\/p>\n<p>O presidente da Cear\u00e1portos, Danilo Serpa, declara que este \u00e9 o inicio de o novo momento econ\u00f4mico que o Cear\u00e1 est\u00e1 vivendo. &#8220;O Porto do Pec\u00e9m permanece crescendo, mesmo com o cen\u00e1rio econ\u00f4mico que se estabelece no pa\u00eds, e este \u00e9 o plano do Governo do Estado com todas as melhorias que est\u00e3o sendo implementadas no CIPP, trazer mais investimentos, gerar emprego e renda para o Cear\u00e1 atrav\u00e9s deste equipamento com grande potencial que possu\u00edmos&#8221;, disse Serpa.<\/p>\n<p>Fonte: Assessoria de Imprensa da Cear\u00e1portos<\/p>\n","protected":false},"excerpt":{"rendered":"<p>O Porto do Pec\u00e9m movimentou no m\u00eas de setembro 1.131.413 toneladas de mercadorias, 90% a mais que o mesmo per\u00edodo do ano passado. No acumulado&#8230;<\/p>\n","protected":false},"author":1182,"featured_media":19265,"comment_status":"closed","ping_status":"closed","sticky":false,"template":"","format":"standard","meta":{"footnotes":""},"categories":[6],"tags":[],"class_list":["post-21225","post","type-post","status-publish","format-standard","has-post-thumbnail","hentry","category-noticias"],"_links":{"self":[{"href":"https:\/\/www.sincomam.org.br\/index.php\/wp-json\/wp\/v2\/posts\/21225","targetHints":{"allow":["GET"]}}],"collection":[{"href":"https:\/\/www.sincomam.org.br\/index.php\/wp-json\/wp\/v2\/posts"}],"about":[{"href":"https:\/\/www.sincomam.org.br\/index.php\/wp-json\/wp\/v2\/types\/post"}],"author":[{"embeddable":true,"href":"https:\/\/www.sincomam.org.br\/index.php\/wp-json\/wp\/v2\/users\/1182"}],"replies":[{"embeddable":true,"href":"https:\/\/www.sincomam.org.br\/index.php\/wp-json\/wp\/v2\/comments?post=21225"}],"version-history":[{"count":1,"href":"https:\/\/www.sincomam.org.br\/index.php\/wp-json\/wp\/v2\/posts\/21225\/revisions"}],"predecessor-version":[{"id":21226,"href":"https:\/\/www.sincomam.org.br\/index.php\/wp-json\/wp\/v2\/posts\/21225\/revisions\/21226"}],"wp:featuredmedia":[{"embeddable":true,"href":"https:\/\/www.sincomam.org.br\/index.php\/wp-json\/wp\/v2\/media\/19265"}],"wp:attachment":[{"href":"https:\/\/www.sincomam.org.br\/index.php\/wp-json\/wp\/v2\/media?parent=21225"}],"wp:term":[{"taxonomy":"category","embeddable":true,"href":"https:\/\/www.sincomam.org.br\/index.php\/wp-json\/wp\/v2\/categories?post=21225"},{"taxonomy":"post_tag","embeddable":true,"href":"https:\/\/www.sincomam.org.br\/index.php\/wp-json\/wp\/v2\/tags?post=21225"}],"curies":[{"name":"wp","href":"https:\/\/api.w.org\/{rel}","templated":true}]}}