{"id":21221,"date":"2016-10-11T09:39:29","date_gmt":"2016-10-11T12:39:29","guid":{"rendered":"http:\/\/www.sincomam.org.br\/?p=21221"},"modified":"2016-10-11T09:39:29","modified_gmt":"2016-10-11T12:39:29","slug":"obras-do-novo-acesso-ao-porto-de-santos-terao-inicio-entre-2017-e-2018","status":"publish","type":"post","link":"https:\/\/www.sincomam.org.br\/index.php\/obras-do-novo-acesso-ao-porto-de-santos-terao-inicio-entre-2017-e-2018\/","title":{"rendered":"Obras do novo acesso ao Porto de Santos ter\u00e3o in\u00edcio entre 2017 e 2018"},"content":{"rendered":"<p>O projeto das obras que v\u00e3o garantir um novo acesso rodovi\u00e1rio ao Porto de Santos ser\u00e1 conclu\u00eddo no pr\u00f3ximo ano. Com isso, a expectativa \u00e9 de que a constru\u00e7\u00e3o seja iniciada entre 2017 e 2018. A informa\u00e7\u00e3o \u00e9 do ministro dos Transportes, Portos e Avia\u00e7\u00e3o Civil, Maur\u00edcio Quintella, que esteve no complexo mar\u00edtimo ontem. Foi sua primeira visita ao cais santista.\u00a0<\/p>\n<p>O ministro desembarcou na Base A\u00e9rea de Santos, em Guaruj\u00e1, pela manh\u00e3. Em seguida, seguiu a bordo de uma lancha pelo canal do estu\u00e1rio. Na ocasi\u00e3o, conheceu um pouco da opera\u00e7\u00e3o de terminais do cais santista, como a da ADM do Brasil, que movimenta gr\u00e3os na Ponta da Praia e tem um projeto para mitiga\u00e7\u00e3o da polui\u00e7\u00e3o causada durante a atividade. Quintella tamb\u00e9m passou pelo Canal de Pia\u00e7aguera, em Cubat\u00e3o, onde est\u00e3o ocorrendo as obras de amplia\u00e7\u00e3o do Terminal Integrador Portu\u00e1rio Luiz Antonio Mesquita (Tiplam) \u2013 instala\u00e7\u00e3o da operadora log\u00edstica VLI.\u00a0<\/p>\n<p>O ministro e sua comitiva desembarcaram no Cais da Marinha, sede da Capitania dos Portos de S\u00e3o Paulo (CPSP), entre os armaz\u00e9ns 27 e 29 do complexo. L\u00e1, entregaram uma lancha da Guarda Portu\u00e1ria, que far\u00e1 o patrulhamento mar\u00edtimo. A embarca\u00e7\u00e3o Setenta, com capacidade para levar 10 pessoas, foi totalmente restaurada.\u00a0<\/p>\n<p>Depois, Quintella seguiu para a sede da Companhia Docas do Estado de S\u00e3o Paulo (Codesp, que administra o Porto de Santos), na Cidade. No complexo da presid\u00eancia da Autoridade Portu\u00e1ria, se reuniu com a diretoria-executiva da empresa, com o prefeito de Santos, Paulo Alexandre Barbosa (PSDB), e com o diretor-presidente da Dersa, Laurence Casagrande Louren\u00e7o.\u00a0<\/p>\n<p>Uni\u00e3o, Estado e Munic\u00edpio assinaram um conv\u00eanio para realizar interven\u00e7\u00f5es na entrada da Cidade. No total, elas dever\u00e3o custar R$ 378 milh\u00f5es, a serem divididos entre as tr\u00eas esferas do poder. No entanto, por conta da crise econ\u00f4mica, faltava a confirma\u00e7\u00e3o da Uni\u00e3o sobre a libera\u00e7\u00e3o da verba necess\u00e1ria a sua parte.<\/p>\n<p>As obras vi\u00e1rias na entrada da Cidade est\u00e3o entre as prioridades da pr\u00f3xima gest\u00e3o de Barbosa, que foi reeleito no \u00faltimo domingo. O chefe do Executivo pediu \u00e0 Quintella a libera\u00e7\u00e3o de recursos para a conclus\u00e3o da parte portu\u00e1ria do projeto-executivo do empreendimento.\u00a0<\/p>\n<p>No m\u00eas passado, na 14\u00aa edi\u00e7\u00e3o do Santos Export \u2013 F\u00f3rum Internacional para a Expans\u00e3o do Porto de Santos, o secret\u00e1rio de Infraestrutura Portu\u00e1ria do Minist\u00e9rio, Daniel Maciel de Menezes da Silva, disse que o in\u00edcio das obras estava previsto para no ano que vem, o que n\u00e3o deve ocorrer.\u00a0<\/p>\n<p><strong>Aporte financeiro<\/strong><\/p>\n<p>\u201cEle (o ministro) se comprometeu a fazer o repasse de R$ 3 milh\u00f5es para o projeto, que fica pronto no ano que vem. Conclu\u00eddo o projeto, fica para o Governo Federal licitar e contratar a obra. O que n\u00f3s pedimos foi a garantia de recursos para obra. Ele nos garantiu que, com o projeto conclu\u00eddo, ele vai prioriz\u00e1-la. Com isso, a gente cumpre as tr\u00eas etapas do empreendimento que ser\u00e1 o maior projeto vi\u00e1rio da Cidade dos \u00faltimos 50 anos\u201d, afirmou o prefeito Paulo Alexandre Barbosa.\u00a0<\/p>\n<p>Mas, segundo o diretor-presidente da Dersa, Laurence Lourenco, os R$ 3 milh\u00f5es ser\u00e3o necess\u00e1rios para custear os projetos at\u00e9 o fim do ano. Para 2017, \u00e9 esperado um novo aporte, desta vez de R$ 2,5 milh\u00f5es.\u00a0<\/p>\n<p>\u201cEsse \u00e9 um novo f\u00f4lego que permite que a gente chegue em 2017 com o projeto pronto e a obra, do ponto de vista municipal e federal, licitada e pronta para ser iniciada\u201d, destacou Laurence.<\/p>\n<p>O executivo salientou que, mesmo com o fim do conv\u00eanio entre a Codesp e a Secretaria Estadual de Log\u00edstica e Transportes para a elabora\u00e7\u00e3o do projeto, os trabalhos n\u00e3o foram prejudicados. \u201cA Dersa \u00e9 contratada pela Secretaria, que manteve os aportes. Por isso, o servi\u00e7o n\u00e3o foi interrompido\u201d, explicou.\u00a0<\/p>\n<p>Fonte: A Tribuna<\/p>\n","protected":false},"excerpt":{"rendered":"<p>O projeto das obras que v\u00e3o garantir um novo acesso rodovi\u00e1rio ao Porto de Santos ser\u00e1 conclu\u00eddo no pr\u00f3ximo ano. Com isso, a expectativa \u00e9&#8230;<\/p>\n","protected":false},"author":1182,"featured_media":18377,"comment_status":"closed","ping_status":"closed","sticky":false,"template":"","format":"standard","meta":{"footnotes":""},"categories":[6],"tags":[],"class_list":["post-21221","post","type-post","status-publish","format-standard","has-post-thumbnail","hentry","category-noticias"],"_links":{"self":[{"href":"https:\/\/www.sincomam.org.br\/index.php\/wp-json\/wp\/v2\/posts\/21221","targetHints":{"allow":["GET"]}}],"collection":[{"href":"https:\/\/www.sincomam.org.br\/index.php\/wp-json\/wp\/v2\/posts"}],"about":[{"href":"https:\/\/www.sincomam.org.br\/index.php\/wp-json\/wp\/v2\/types\/post"}],"author":[{"embeddable":true,"href":"https:\/\/www.sincomam.org.br\/index.php\/wp-json\/wp\/v2\/users\/1182"}],"replies":[{"embeddable":true,"href":"https:\/\/www.sincomam.org.br\/index.php\/wp-json\/wp\/v2\/comments?post=21221"}],"version-history":[{"count":1,"href":"https:\/\/www.sincomam.org.br\/index.php\/wp-json\/wp\/v2\/posts\/21221\/revisions"}],"predecessor-version":[{"id":21222,"href":"https:\/\/www.sincomam.org.br\/index.php\/wp-json\/wp\/v2\/posts\/21221\/revisions\/21222"}],"wp:featuredmedia":[{"embeddable":true,"href":"https:\/\/www.sincomam.org.br\/index.php\/wp-json\/wp\/v2\/media\/18377"}],"wp:attachment":[{"href":"https:\/\/www.sincomam.org.br\/index.php\/wp-json\/wp\/v2\/media?parent=21221"}],"wp:term":[{"taxonomy":"category","embeddable":true,"href":"https:\/\/www.sincomam.org.br\/index.php\/wp-json\/wp\/v2\/categories?post=21221"},{"taxonomy":"post_tag","embeddable":true,"href":"https:\/\/www.sincomam.org.br\/index.php\/wp-json\/wp\/v2\/tags?post=21221"}],"curies":[{"name":"wp","href":"https:\/\/api.w.org\/{rel}","templated":true}]}}