{"id":21210,"date":"2016-10-10T00:41:24","date_gmt":"2016-10-10T03:41:24","guid":{"rendered":"http:\/\/www.sincomam.org.br\/?p=21210"},"modified":"2016-10-09T23:45:48","modified_gmt":"2016-10-10T02:45:48","slug":"idade-minima-para-obter-beneficio-assistencial-pode-subir-para-70-anos","status":"publish","type":"post","link":"https:\/\/www.sincomam.org.br\/index.php\/idade-minima-para-obter-beneficio-assistencial-pode-subir-para-70-anos\/","title":{"rendered":"Idade m\u00ednima para obter benef\u00edcio assistencial pode subir para 70 anos"},"content":{"rendered":"<p>Al\u00e9m de desvincular do sal\u00e1rio m\u00ednimo o benef\u00edcio assistencial que a Previd\u00eancia paga a idosos e deficientes de baixa renda, o governo estuda elevar a idade m\u00ednima exigida para o acesso ao benef\u00edcio dos atuais 65 para 70 anos.<\/p>\n<p>O Benef\u00edcio de Presta\u00e7\u00e3o Continuada (BPC) garante o pagamento mensal de um sal\u00e1rio m\u00ednimo a idosos e pessoas com defici\u00eancia com renda familiar per capita inferior a 25% do sal\u00e1rio m\u00ednimo.<\/p>\n<p>Como o benef\u00edcio tem car\u00e1ter assistencial e n\u00e3o exige contribui\u00e7\u00e3o, o governo teme que algumas pessoas recorrer\u00e3o a ele em vez de pagar a Previd\u00eancia, se o Congresso aprovar as reformas propostas pelo presidente Michel Temer e as regras para aposentadoria ficarem mais duras.<\/p>\n<p>A proposta de reforma em estudos no governo estabelece idade m\u00ednima de 65 anos para a aposentadoria de homens e mulheres e exige pelo menos 25 anos de contribui\u00e7\u00e3o com a Previd\u00eancia.<\/p>\n<p>Em rela\u00e7\u00e3o ao BPC, o governo ainda estuda como fazer a transi\u00e7\u00e3o para o novo modelo. Um dos cen\u00e1rios considerados \u00e9 a eleva\u00e7\u00e3o da idade m\u00ednima em um ano a cada dois anos-calend\u00e1rio.<\/p>\n<p>O governo ainda n\u00e3o sabe que regra propor para o reajuste do benef\u00edcio se ele for desvinculado do sal\u00e1rio m\u00ednimo. Um novo \u00edndice poderia ser usado para isso, mas os t\u00e9cnicos do governo acham que nada obriga a lei a prever reajuste autom\u00e1tico do BPC.<\/p>\n<p>O governo tamb\u00e9m ter\u00e1 de mudar a regra que d\u00e1 direito ao benef\u00edcio, por causa de uma decis\u00e3o do Supremo Tribunal Federal (STF) que considerou o crit\u00e9rio de renda, de 25% do m\u00ednimo, insuficiente para caracterizar a mis\u00e9ria.<\/p>\n<p>Estudo feito pelo Minist\u00e9rio da Fazenda ainda no governo Dilma Rousseff, ao qual a Folha teve acesso, j\u00e1 apontava necessidade de mudar as regras do BPC se a idade de aposentadoria aumentasse.<\/p>\n<p>Uma compara\u00e7\u00e3o internacional feita pelo documento mostra que benef\u00edcios assistenciais n\u00e3o s\u00e3o vinculados ao sal\u00e1rio m\u00ednimo na maioria dos pa\u00edses da Organiza\u00e7\u00e3o para a Coopera\u00e7\u00e3o e o Desenvolvimento Econ\u00f4mico (OCDE).<\/p>\n<p>Enquanto o BPC corresponde a 100% do sal\u00e1rio m\u00ednimo no Brasil, benef\u00edcios similares equivalem a 65% na Holanda e na B\u00e9lgica, 64% na Nova Zel\u00e2ndia e 63% na Irlanda.<\/p>\n<p>A proposta de Or\u00e7amento para 2017 enviada ao Congresso prev\u00ea gastos de R$ 51 bilh\u00f5es com o pagamento do BPC e R$ 562 bilh\u00f5es com as aposentadorias de trabalhadores da iniciativa privada.<\/p>\n<p>Fonte: Folha de SP<\/p>\n","protected":false},"excerpt":{"rendered":"<p>Al\u00e9m de desvincular do sal\u00e1rio m\u00ednimo o benef\u00edcio assistencial que a Previd\u00eancia paga a idosos e deficientes de baixa renda, o governo estuda elevar a&#8230;<\/p>\n","protected":false},"author":1182,"featured_media":18101,"comment_status":"closed","ping_status":"closed","sticky":false,"template":"","format":"standard","meta":{"footnotes":""},"categories":[6],"tags":[],"class_list":["post-21210","post","type-post","status-publish","format-standard","has-post-thumbnail","hentry","category-noticias"],"_links":{"self":[{"href":"https:\/\/www.sincomam.org.br\/index.php\/wp-json\/wp\/v2\/posts\/21210","targetHints":{"allow":["GET"]}}],"collection":[{"href":"https:\/\/www.sincomam.org.br\/index.php\/wp-json\/wp\/v2\/posts"}],"about":[{"href":"https:\/\/www.sincomam.org.br\/index.php\/wp-json\/wp\/v2\/types\/post"}],"author":[{"embeddable":true,"href":"https:\/\/www.sincomam.org.br\/index.php\/wp-json\/wp\/v2\/users\/1182"}],"replies":[{"embeddable":true,"href":"https:\/\/www.sincomam.org.br\/index.php\/wp-json\/wp\/v2\/comments?post=21210"}],"version-history":[{"count":1,"href":"https:\/\/www.sincomam.org.br\/index.php\/wp-json\/wp\/v2\/posts\/21210\/revisions"}],"predecessor-version":[{"id":21211,"href":"https:\/\/www.sincomam.org.br\/index.php\/wp-json\/wp\/v2\/posts\/21210\/revisions\/21211"}],"wp:featuredmedia":[{"embeddable":true,"href":"https:\/\/www.sincomam.org.br\/index.php\/wp-json\/wp\/v2\/media\/18101"}],"wp:attachment":[{"href":"https:\/\/www.sincomam.org.br\/index.php\/wp-json\/wp\/v2\/media?parent=21210"}],"wp:term":[{"taxonomy":"category","embeddable":true,"href":"https:\/\/www.sincomam.org.br\/index.php\/wp-json\/wp\/v2\/categories?post=21210"},{"taxonomy":"post_tag","embeddable":true,"href":"https:\/\/www.sincomam.org.br\/index.php\/wp-json\/wp\/v2\/tags?post=21210"}],"curies":[{"name":"wp","href":"https:\/\/api.w.org\/{rel}","templated":true}]}}