{"id":21205,"date":"2016-10-11T01:10:01","date_gmt":"2016-10-11T04:10:01","guid":{"rendered":"http:\/\/www.sincomam.org.br\/?p=21205"},"modified":"2016-10-11T09:43:32","modified_gmt":"2016-10-11T12:43:32","slug":"estados-tem-dificuldade-para-pagar-13o-salario","status":"publish","type":"post","link":"https:\/\/www.sincomam.org.br\/index.php\/estados-tem-dificuldade-para-pagar-13o-salario\/","title":{"rendered":"Estados t\u00eam dificuldade para pagar 13\u00ba sal\u00e1rio"},"content":{"rendered":"<p>Em meio \u00e0 grave crise fiscal, os governos estaduais j\u00e1 preveem dificuldades para pagar o 13<a href=\"http:\/\/www.exame.com.br\/topicos\/13-salario\"><strong>\u00ba<\/strong><\/a>\u00a0e o restante dos sal\u00e1rios de servidores p\u00fablicos at\u00e9 o fim do ano. Os\u00a0Estados\u00a0evitam admitir oficialmente que n\u00e3o h\u00e1 caixa para pagar o benef\u00edcio, mas pelo menos sete de 24 unidades da Federa\u00e7\u00e3o consultadas pela reportagem reconhecem que n\u00e3o h\u00e1 defini\u00e7\u00e3o de como e quando o 13\u00ba ser\u00e1 depositado na conta de 2 milh\u00f5es de servidores.<\/p>\n<p>Rio Grande do Sul, Rio de Janeiro, Minas, Bahia, Distrito Federal, Sergipe e Roraima n\u00e3o teriam, hoje, os recursos para honrar o compromisso, segundo os secret\u00e1rios de Fazenda. Alguns deles n\u00e3o conseguir\u00e3o fazer o pagamento mesmo com a ajuda esperada do governo federal. Al\u00e9m do socorro do Tesouro, eles contam com a recupera\u00e7\u00e3o, mesmo que m\u00ednima, da economia &#8211; o que contribuiria para o aumento da arrecada\u00e7\u00e3o.<\/p>\n<p>Os governadores devem se reunir na pr\u00f3xima semana com o presidente Michel Temer em busca de defini\u00e7\u00e3o. Eles querem um socorro de at\u00e9 R$ 8 bilh\u00f5es, em uma linha emergencial de financiamento. Temer, por\u00e9m, sinalizou que qualquer ajuda s\u00f3 deve vir do programa de repatria\u00e7\u00e3o de recursos do exterior.<\/p>\n<p>O Rio, que tem uma das situa\u00e7\u00f5es mais dif\u00edceis e quer ajuda da Uni\u00e3o, oficialmente diz que est\u00e1 estudando alternativas. Mas fontes do governo fluminense afirmam que n\u00e3o h\u00e1 recursos suficientes para quitar sequer a folha de outubro, mesmo se o governo n\u00e3o pagasse mais nada fora despesa de pessoal. Caso o governo atrase o 13\u00ba, cerca de 470 mil servidores ativos, inativos e pensionistas poderiam ser afetados.\u00a0<\/p>\n<p>Fonte: Exame<\/p>\n","protected":false},"excerpt":{"rendered":"<p>Em meio \u00e0 grave crise fiscal, os governos estaduais j\u00e1 preveem dificuldades para pagar o 13\u00ba\u00a0e o restante dos sal\u00e1rios de servidores p\u00fablicos at\u00e9 o&#8230;<\/p>\n","protected":false},"author":1182,"featured_media":18713,"comment_status":"closed","ping_status":"closed","sticky":false,"template":"","format":"standard","meta":{"footnotes":""},"categories":[6],"tags":[],"class_list":["post-21205","post","type-post","status-publish","format-standard","has-post-thumbnail","hentry","category-noticias"],"_links":{"self":[{"href":"https:\/\/www.sincomam.org.br\/index.php\/wp-json\/wp\/v2\/posts\/21205","targetHints":{"allow":["GET"]}}],"collection":[{"href":"https:\/\/www.sincomam.org.br\/index.php\/wp-json\/wp\/v2\/posts"}],"about":[{"href":"https:\/\/www.sincomam.org.br\/index.php\/wp-json\/wp\/v2\/types\/post"}],"author":[{"embeddable":true,"href":"https:\/\/www.sincomam.org.br\/index.php\/wp-json\/wp\/v2\/users\/1182"}],"replies":[{"embeddable":true,"href":"https:\/\/www.sincomam.org.br\/index.php\/wp-json\/wp\/v2\/comments?post=21205"}],"version-history":[{"count":1,"href":"https:\/\/www.sincomam.org.br\/index.php\/wp-json\/wp\/v2\/posts\/21205\/revisions"}],"predecessor-version":[{"id":21206,"href":"https:\/\/www.sincomam.org.br\/index.php\/wp-json\/wp\/v2\/posts\/21205\/revisions\/21206"}],"wp:featuredmedia":[{"embeddable":true,"href":"https:\/\/www.sincomam.org.br\/index.php\/wp-json\/wp\/v2\/media\/18713"}],"wp:attachment":[{"href":"https:\/\/www.sincomam.org.br\/index.php\/wp-json\/wp\/v2\/media?parent=21205"}],"wp:term":[{"taxonomy":"category","embeddable":true,"href":"https:\/\/www.sincomam.org.br\/index.php\/wp-json\/wp\/v2\/categories?post=21205"},{"taxonomy":"post_tag","embeddable":true,"href":"https:\/\/www.sincomam.org.br\/index.php\/wp-json\/wp\/v2\/tags?post=21205"}],"curies":[{"name":"wp","href":"https:\/\/api.w.org\/{rel}","templated":true}]}}