{"id":21201,"date":"2016-10-10T00:15:37","date_gmt":"2016-10-10T03:15:37","guid":{"rendered":"http:\/\/www.sincomam.org.br\/?p=21201"},"modified":"2016-10-09T22:04:20","modified_gmt":"2016-10-10T01:04:20","slug":"inflacao-e-desemprego-fecham-mais-de-6-mil-lojas-no-rio","status":"publish","type":"post","link":"https:\/\/www.sincomam.org.br\/index.php\/inflacao-e-desemprego-fecham-mais-de-6-mil-lojas-no-rio\/","title":{"rendered":"Infla\u00e7\u00e3o e desemprego fecham mais de 6 mil lojas no Rio"},"content":{"rendered":"<div data-template-placeholder=\"content-placeholder\">\n<p>No per\u00edodo de janeiro a julho deste ano, 2.376 estabelecimentos comerciais fecharam as portas na capital fluminense. Esse n\u00famero se eleva para 6.080 no estado em raz\u00e3o do momento dif\u00edcil da economia brasileira, informou hoje (9) o presidente do Clube dos Diretores Lojistas do Rio de Janeiro (CDL-Rio), Aldo Gon\u00e7alves.<\/p>\n<p>Segundo Gon\u00e7alves, em situa\u00e7\u00f5es de crise o com\u00e9rcio<b>\u00a0<\/b>\u201cest\u00e1 na linha de frente. \u00c9 o primeiro a sentir os efeitos da retra\u00e7\u00e3o da economia, considerando, principalmente, a infla\u00e7\u00e3o alta que corr\u00f3i o sal\u00e1rio do trabalhador e, tamb\u00e9m, o desemprego. As pessoas sem trabalho n\u00e3o podem comprar, n\u00e3o podem consumir\u201d.<\/p>\n<p>Aldo Gon\u00e7alves informou que, apesar da crise, j\u00e1 se avista luz no fim do t\u00fanel. \u201cS\u00f3 que o t\u00fanel \u00e9 muito comprido.\u201d De acordo com o dirigente, as perspectivas de melhora s\u00f3 ocorrer\u00e3o no pr\u00f3ximo ano. \u201cTemos expectativas de melhora, mas as medidas concretas ainda n\u00e3o apareceram\u201d.<\/p>\n<p><strong>Alugueis<\/strong><\/p>\n<p>O presidente do CDL-Rio lembrou que o \u00edndice de desemprego \u00e9 o primeiro a ser atingido em qualquer crise e o \u00faltimo a sair. \u201cAt\u00e9 a retomada dos investimentos pelas empresas, o emprego \u00e9 o \u00faltimo \u00edndice a se recuperar. E o emprego \u00e9 fundamental para o com\u00e9rcio\u201d, afirmou.<\/p>\n<p>Para Aldo Gon\u00e7alves, tamb\u00e9m contribuiu para o fechamento dos estabelecimentos comerciais o elevado pre\u00e7o dos alugueis, principalmente no custo das renova\u00e7\u00f5es contratuais. O fechamento das 2.376 lojas varejistas nos sete primeiros meses deste ano mostra aumento de 15,7% em compara\u00e7\u00e3o ao mesmo per\u00edodo do ano passado. Em todo o estado do Rio de Janeiro, a extin\u00e7\u00e3o de 6.080 empresas superou em 18,8% o resultado registrado em igual per\u00edodo de 2015.<\/p>\n<p>Somente no m\u00eas de julho, 793 estabelecimentos comerciais encerraram atividades na cidade do Rio, com crescimento de 102% em rela\u00e7\u00e3o ao mesmo m\u00eas de 2015. Dessas, a maior parte (278) ocorreu na zona norte, seguida de 224 na zona oeste, 150 na zona sul e 141 no centro.<\/p>\n<div>Fonte: Exame<\/div>\n<\/div>\n","protected":false},"excerpt":{"rendered":"<p>No per\u00edodo de janeiro a julho deste ano, 2.376 estabelecimentos comerciais fecharam as portas na capital fluminense. Esse n\u00famero se eleva para 6.080 no estado&#8230;<\/p>\n","protected":false},"author":1182,"featured_media":18495,"comment_status":"closed","ping_status":"closed","sticky":false,"template":"","format":"standard","meta":{"footnotes":""},"categories":[6],"tags":[],"class_list":["post-21201","post","type-post","status-publish","format-standard","has-post-thumbnail","hentry","category-noticias"],"_links":{"self":[{"href":"https:\/\/www.sincomam.org.br\/index.php\/wp-json\/wp\/v2\/posts\/21201","targetHints":{"allow":["GET"]}}],"collection":[{"href":"https:\/\/www.sincomam.org.br\/index.php\/wp-json\/wp\/v2\/posts"}],"about":[{"href":"https:\/\/www.sincomam.org.br\/index.php\/wp-json\/wp\/v2\/types\/post"}],"author":[{"embeddable":true,"href":"https:\/\/www.sincomam.org.br\/index.php\/wp-json\/wp\/v2\/users\/1182"}],"replies":[{"embeddable":true,"href":"https:\/\/www.sincomam.org.br\/index.php\/wp-json\/wp\/v2\/comments?post=21201"}],"version-history":[{"count":1,"href":"https:\/\/www.sincomam.org.br\/index.php\/wp-json\/wp\/v2\/posts\/21201\/revisions"}],"predecessor-version":[{"id":21202,"href":"https:\/\/www.sincomam.org.br\/index.php\/wp-json\/wp\/v2\/posts\/21201\/revisions\/21202"}],"wp:featuredmedia":[{"embeddable":true,"href":"https:\/\/www.sincomam.org.br\/index.php\/wp-json\/wp\/v2\/media\/18495"}],"wp:attachment":[{"href":"https:\/\/www.sincomam.org.br\/index.php\/wp-json\/wp\/v2\/media?parent=21201"}],"wp:term":[{"taxonomy":"category","embeddable":true,"href":"https:\/\/www.sincomam.org.br\/index.php\/wp-json\/wp\/v2\/categories?post=21201"},{"taxonomy":"post_tag","embeddable":true,"href":"https:\/\/www.sincomam.org.br\/index.php\/wp-json\/wp\/v2\/tags?post=21201"}],"curies":[{"name":"wp","href":"https:\/\/api.w.org\/{rel}","templated":true}]}}